{"id":2590,"date":"2023-01-16T22:10:53","date_gmt":"2023-01-17T01:10:53","guid":{"rendered":"https:\/\/www.correiodascidades.com.br\/v1\/?p=2590"},"modified":"2023-01-16T22:10:53","modified_gmt":"2023-01-17T01:10:53","slug":"augusto-castro-se-reuni-com-davidson-para-resolver-a-questao-do-estadio-municipal","status":"publish","type":"post","link":"https:\/\/www.correiodascidades.com.br\/v1\/2023\/01\/16\/augusto-castro-se-reuni-com-davidson-para-resolver-a-questao-do-estadio-municipal\/","title":{"rendered":"Augusto Castro se reuni com Davidson para resolver a quest\u00e3o do Est\u00e1dio Municipal"},"content":{"rendered":"<p>&nbsp;<\/p>\n<p>Nesta segunda feira (16), Augusto Castro foi recebido em Salvador pelo Secret\u00e1rio Estadual de Trabalho, Emprego, Renda e Esporte, Davidson Magalh\u00e3es, em audi\u00eancia, para tratar da <img src=\"https:\/\/www.correiodascidades.com.br\/v1\/wp-content\/uploads\/2023\/01\/baixados-1.jpg\" \/>reforma do Est\u00e1dio Luiz Viana Filho. &#8221; Itabun\u00e3o&#8221;. <!--more--><\/p>\n<p>&#8220;Um sonho de mais de 30 anos que agora somente em nossa gest\u00e3o, ser\u00e1 realizado. Na pr\u00f3xima sexta-feira conheceremos a empresa vencedora do certame e em fevereiro as obras ser\u00e3o iniciadas. Disse augusto Castro&#8221;<\/p>\n<p>O projeto de requalifica\u00e7\u00e3o do Est\u00e1dio foi elaborado pela Prefeitura de Itabuna e ser\u00e1 executado pelo Governo da Bahia.<\/p>\n<p>No encontro estavam o secret\u00e1rio de Esportes de Itabuna, Alc\u00e2ntara Pelegrini, o vereador e l\u00edder do governo, Ricardo Xavier e o presidente do Itabuna Esporte Clube, Rodrigo Xavier.<\/p>\n<p>Com muita responsabilidade estamos arrumando a casa. Com gest\u00e3o de verdade seguimos avan\u00e7ando! \u2705<\/p>\n","protected":false},"excerpt":{"rendered":"<p>&nbsp; Nesta segunda feira (16), Augusto Castro foi recebido em Salvador pelo Secret\u00e1rio Estadual de Trabalho, Emprego, Renda e Esporte, Davidson Magalh\u00e3es, em audi\u00eancia, para tratar da reforma do Est\u00e1dio Luiz Viana Filho. &#8221; Itabun\u00e3o&#8221;.<\/p>\n","protected":false},"author":3,"featured_media":2591,"comment_status":"closed","ping_status":"closed","sticky":false,"template":"","format":"standard","meta":{"_links_to":"","_links_to_target":""},"categories":[1],"tags":[],"_links":{"self":[{"href":"https:\/\/www.correiodascidades.com.br\/v1\/wp-json\/wp\/v2\/posts\/2590"}],"collection":[{"href":"https:\/\/www.correiodascidades.com.br\/v1\/wp-json\/wp\/v2\/posts"}],"about":[{"href":"https:\/\/www.correiodascidades.com.br\/v1\/wp-json\/wp\/v2\/types\/post"}],"author":[{"embeddable":true,"href":"https:\/\/www.correiodascidades.com.br\/v1\/wp-json\/wp\/v2\/users\/3"}],"replies":[{"embeddable":true,"href":"https:\/\/www.correiodascidades.com.br\/v1\/wp-json\/wp\/v2\/comments?post=2590"}],"version-history":[{"count":1,"href":"https:\/\/www.correiodascidades.com.br\/v1\/wp-json\/wp\/v2\/posts\/2590\/revisions"}],"predecessor-version":[{"id":2592,"href":"https:\/\/www.correiodascidades.com.br\/v1\/wp-json\/wp\/v2\/posts\/2590\/revisions\/2592"}],"wp:featuredmedia":[{"embeddable":true,"href":"https:\/\/www.correiodascidades.com.br\/v1\/wp-json\/wp\/v2\/media\/2591"}],"wp:attachment":[{"href":"https:\/\/www.correiodascidades.com.br\/v1\/wp-json\/wp\/v2\/media?parent=2590"}],"wp:term":[{"taxonomy":"category","embeddable":true,"href":"https:\/\/www.correiodascidades.com.br\/v1\/wp-json\/wp\/v2\/categories?post=2590"},{"taxonomy":"post_tag","embeddable":true,"href":"https:\/\/www.correiodascidades.com.br\/v1\/wp-json\/wp\/v2\/tags?post=2590"}],"curies":[{"name":"wp","href":"https:\/\/api.w.org\/{rel}","templated":true}]}}