{"id":2611,"date":"2023-01-18T03:29:14","date_gmt":"2023-01-18T06:29:14","guid":{"rendered":"https:\/\/www.correiodascidades.com.br\/v1\/?p=2611"},"modified":"2023-01-18T03:29:14","modified_gmt":"2023-01-18T06:29:14","slug":"pagamentos-do-novo-bolsa-familia-iniciarao-nesta-quarta-feira-18-confira-calendario","status":"publish","type":"post","link":"https:\/\/www.correiodascidades.com.br\/v1\/2023\/01\/18\/pagamentos-do-novo-bolsa-familia-iniciarao-nesta-quarta-feira-18-confira-calendario\/","title":{"rendered":"Pagamentos do novo Bolsa Fam\u00edlia iniciar\u00e3o nesta quarta-feira (18); confira calend\u00e1rio"},"content":{"rendered":"<p><img loading=\"lazy\" class=\"\" src=\"https:\/\/www.correiodascidades.com.br\/v1\/wp-content\/uploads\/2023\/01\/emprestimo-do-bolsa-familia-1.jpeg\" width=\"359\" height=\"269\" \/><\/p>\n<p>Os pagamentos do novo Bolsa Fam\u00edlia, no valor de R$ 600, come\u00e7am a ser distribu\u00eddos na quarta-feira (18). O presidente Lula (PT) anunciou a decis\u00e3o nesta ter\u00e7a (17), atrav\u00e9s das suas redes sociais.<!--more--><\/p>\n<blockquote class=\"wp-block-quote\"><p>Amanh\u00e3 come\u00e7aremos o pagamento de R$ 600 para fam\u00edlias benefici\u00e1rias. Compromisso firmado durante a campanha e que conseguimos gra\u00e7as a PEC que aprovamos ainda na transi\u00e7\u00e3o, j\u00e1 que o valor n\u00e3o tinha sido previsto no or\u00e7amento pelo governo anterior.<\/p><\/blockquote>\n<p>Os primeiros contemplados ser\u00e3o os\u00a0benefici\u00e1rios com N\u00famero de Identifica\u00e7\u00e3o Social (NIS) de final 1. O cronograma segue at\u00e9 31 de janeiro, para os contemplados com NIS final zero.<\/p>\n","protected":false},"excerpt":{"rendered":"<p>Os pagamentos do novo Bolsa Fam\u00edlia, no valor de R$ 600, come\u00e7am a ser distribu\u00eddos na quarta-feira (18). O presidente Lula (PT) anunciou a decis\u00e3o nesta ter\u00e7a (17), atrav\u00e9s das suas redes sociais.<\/p>\n","protected":false},"author":3,"featured_media":2612,"comment_status":"closed","ping_status":"closed","sticky":false,"template":"","format":"standard","meta":{"_links_to":"","_links_to_target":""},"categories":[2],"tags":[],"_links":{"self":[{"href":"https:\/\/www.correiodascidades.com.br\/v1\/wp-json\/wp\/v2\/posts\/2611"}],"collection":[{"href":"https:\/\/www.correiodascidades.com.br\/v1\/wp-json\/wp\/v2\/posts"}],"about":[{"href":"https:\/\/www.correiodascidades.com.br\/v1\/wp-json\/wp\/v2\/types\/post"}],"author":[{"embeddable":true,"href":"https:\/\/www.correiodascidades.com.br\/v1\/wp-json\/wp\/v2\/users\/3"}],"replies":[{"embeddable":true,"href":"https:\/\/www.correiodascidades.com.br\/v1\/wp-json\/wp\/v2\/comments?post=2611"}],"version-history":[{"count":1,"href":"https:\/\/www.correiodascidades.com.br\/v1\/wp-json\/wp\/v2\/posts\/2611\/revisions"}],"predecessor-version":[{"id":2613,"href":"https:\/\/www.correiodascidades.com.br\/v1\/wp-json\/wp\/v2\/posts\/2611\/revisions\/2613"}],"wp:featuredmedia":[{"embeddable":true,"href":"https:\/\/www.correiodascidades.com.br\/v1\/wp-json\/wp\/v2\/media\/2612"}],"wp:attachment":[{"href":"https:\/\/www.correiodascidades.com.br\/v1\/wp-json\/wp\/v2\/media?parent=2611"}],"wp:term":[{"taxonomy":"category","embeddable":true,"href":"https:\/\/www.correiodascidades.com.br\/v1\/wp-json\/wp\/v2\/categories?post=2611"},{"taxonomy":"post_tag","embeddable":true,"href":"https:\/\/www.correiodascidades.com.br\/v1\/wp-json\/wp\/v2\/tags?post=2611"}],"curies":[{"name":"wp","href":"https:\/\/api.w.org\/{rel}","templated":true}]}}