{"id":2614,"date":"2023-01-18T03:33:27","date_gmt":"2023-01-18T06:33:27","guid":{"rendered":"https:\/\/www.correiodascidades.com.br\/v1\/?p=2614"},"modified":"2023-01-18T03:33:27","modified_gmt":"2023-01-18T06:33:27","slug":"janeiro-roxo-sesau-reforca-conscientizacao-sobre-hanseniase-e-promove-acao-no-centro-de-ilheus","status":"publish","type":"post","link":"https:\/\/www.correiodascidades.com.br\/v1\/2023\/01\/18\/janeiro-roxo-sesau-reforca-conscientizacao-sobre-hanseniase-e-promove-acao-no-centro-de-ilheus\/","title":{"rendered":"Janeiro Roxo: Sesau refor\u00e7a conscientiza\u00e7\u00e3o sobre Hansen\u00edase e promove a\u00e7\u00e3o no Centro de Ilh\u00e9us"},"content":{"rendered":"<p><img loading=\"lazy\" class=\"\" src=\"https:\/\/www.correiodascidades.com.br\/v1\/wp-content\/uploads\/2023\/01\/janeiroroxo.jpg\" width=\"389\" height=\"276\" \/><\/p>\n<p>Doen\u00e7a milenar, cr\u00f4nica e cur\u00e1vel, mas ainda cercada de mitos, estigmas e preconceitos, a Hansen\u00edase tem em janeiro um m\u00eas dedicado \u00e0 aten\u00e7\u00e3o para o tema e ao esclarecimento sobre sintomas, preven\u00e7\u00e3o e tratamento.<!--more--> Para refor\u00e7ar a abordagem sobre a doen\u00e7a, a Prefeitura de Ilh\u00e9us, por meio da Secretaria de Sa\u00fade (Sesau), em parceria com a Rede Hans Bahia, promove a Caminhada Roxa.<\/p>\n<p>A a\u00e7\u00e3o acontece no dia 29 de janeiro, \u00e0s 7h, pr\u00f3ximo \u00e0 Catedral de S\u00e3o Sebasti\u00e3o, Centro Hist\u00f3rico da cidade. O objetivo da campanha \u00e9 ampliar o conhecimento da popula\u00e7\u00e3o sobre a doen\u00e7a, atrav\u00e9s de a\u00e7\u00f5es de conscientiza\u00e7\u00e3o, refor\u00e7ando a import\u00e2ncia do diagn\u00f3stico precoce para evitar a ocorr\u00eancia de sequelas graves.<\/p>\n<p>No dia 30 de janeiro, a mobiliza\u00e7\u00e3o acontece no Hospital Regional Costa do Cacau (HRCC), com a realiza\u00e7\u00e3o de palestra que ser\u00e1 direcionada aos funcion\u00e1rios do Hospital. Caso surjam sintomas, a Sesau orienta o paciente a procurar atendimento no CAE III, refer\u00eancia para o tratamento da doen\u00e7a na rede municipal.<\/p>\n<p>\u201cNa unidade temos uma equipe preparada para acolher e prestar toda a assist\u00eancia necess\u00e1ria. Quanto mais cedo o diagn\u00f3stico \u00e9 feito, mais eficaz se torna o tratamento, garantindo assim a cura\u201d, explicou Andr\u00e9 Cez\u00e1rio, titular da Sesau. Segundo o Minist\u00e9rio da Sa\u00fade, o Brasil \u00e9 o segundo pa\u00eds com maior n\u00famero de casos no mundo, perdendo apenas para a \u00cdndia.<\/p>\n<p>Causada pela bact\u00e9ria Mycobacterium leprae, a Hansen\u00edase \u00e9 uma doen\u00e7a cr\u00f4nica, cujos sintomas s\u00e3o aparecimento de manchas esbranqui\u00e7adas, avermelhadas ou arroxeadas, com diminui\u00e7\u00e3o ou perda de sensibilidade \u00e0 temperatura, \u00e0 dor e ao tato; sensa\u00e7\u00e3o de entupimento, ferimentos ou sangramento nasal; &#8220;caro\u00e7os&#8221; ou &#8220;incha\u00e7o&#8221; no rosto, orelhas, cotovelos, m\u00e3os e p\u00e9s; partes do corpo &#8220;dormentes&#8221; ou &#8220;amortecidas&#8221;.<\/p>\n<p><strong>Servi\u00e7o<\/strong><\/p>\n<p>Caminhada Roxa<\/p>\n<p>Data: 29 de janeiro de 2023, \u00e0s 7h<\/p>\n<p>Local: Centro Hist\u00f3rico &#8211; pr\u00f3ximo \u00e0 Catedral de S\u00e3o Sebasti\u00e3o<\/p>\n<p style=\"font-weight: 400;\">&#8230;<\/p>\n","protected":false},"excerpt":{"rendered":"<p>Doen\u00e7a milenar, cr\u00f4nica e cur\u00e1vel, mas ainda cercada de mitos, estigmas e preconceitos, a Hansen\u00edase tem em janeiro um m\u00eas dedicado \u00e0 aten\u00e7\u00e3o para o tema e ao esclarecimento sobre sintomas, preven\u00e7\u00e3o e tratamento.<\/p>\n","protected":false},"author":3,"featured_media":2615,"comment_status":"closed","ping_status":"closed","sticky":false,"template":"","format":"standard","meta":{"_links_to":"","_links_to_target":""},"categories":[2],"tags":[],"_links":{"self":[{"href":"https:\/\/www.correiodascidades.com.br\/v1\/wp-json\/wp\/v2\/posts\/2614"}],"collection":[{"href":"https:\/\/www.correiodascidades.com.br\/v1\/wp-json\/wp\/v2\/posts"}],"about":[{"href":"https:\/\/www.correiodascidades.com.br\/v1\/wp-json\/wp\/v2\/types\/post"}],"author":[{"embeddable":true,"href":"https:\/\/www.correiodascidades.com.br\/v1\/wp-json\/wp\/v2\/users\/3"}],"replies":[{"embeddable":true,"href":"https:\/\/www.correiodascidades.com.br\/v1\/wp-json\/wp\/v2\/comments?post=2614"}],"version-history":[{"count":1,"href":"https:\/\/www.correiodascidades.com.br\/v1\/wp-json\/wp\/v2\/posts\/2614\/revisions"}],"predecessor-version":[{"id":2616,"href":"https:\/\/www.correiodascidades.com.br\/v1\/wp-json\/wp\/v2\/posts\/2614\/revisions\/2616"}],"wp:featuredmedia":[{"embeddable":true,"href":"https:\/\/www.correiodascidades.com.br\/v1\/wp-json\/wp\/v2\/media\/2615"}],"wp:attachment":[{"href":"https:\/\/www.correiodascidades.com.br\/v1\/wp-json\/wp\/v2\/media?parent=2614"}],"wp:term":[{"taxonomy":"category","embeddable":true,"href":"https:\/\/www.correiodascidades.com.br\/v1\/wp-json\/wp\/v2\/categories?post=2614"},{"taxonomy":"post_tag","embeddable":true,"href":"https:\/\/www.correiodascidades.com.br\/v1\/wp-json\/wp\/v2\/tags?post=2614"}],"curies":[{"name":"wp","href":"https:\/\/api.w.org\/{rel}","templated":true}]}}