{"id":2622,"date":"2023-01-18T22:42:16","date_gmt":"2023-01-19T01:42:16","guid":{"rendered":"https:\/\/www.correiodascidades.com.br\/v1\/?p=2622"},"modified":"2023-01-18T22:42:16","modified_gmt":"2023-01-19T01:42:16","slug":"lula-veta-r-4-bilhoes-para-pesquisa-e-novos-cargos-em-universidades","status":"publish","type":"post","link":"https:\/\/www.correiodascidades.com.br\/v1\/2023\/01\/18\/lula-veta-r-4-bilhoes-para-pesquisa-e-novos-cargos-em-universidades\/","title":{"rendered":"Lula veta R$ 4 bilh\u00f5es para pesquisa e novos cargos em universidades"},"content":{"rendered":"<p><img loading=\"lazy\" class=\"\" src=\"https:\/\/www.correiodascidades.com.br\/v1\/wp-content\/uploads\/2023\/01\/lula-rodrigo-pacheco-ag-camara.jpg\" width=\"356\" height=\"237\" \/><\/p>\n<p>O presidente Luiz In\u00e1cio Lula da Silva sancionou, com vetos, na ter\u00e7a-feira 17 a Lei Or\u00e7ament\u00e1ria Anual (LOA) para 2023. Com os vetos, ele cortou quase R$ 4,3 bilh\u00f5es em despesas aprovadas pelo Congresso Nacional \u2014 a maior parte dos recursos era para institui\u00e7\u00f5es de pesquisa.<!--more--><\/p>\n<p><a href=\"https:\/\/midiabahia.com.br\/jeronimo-rodrigues-precisa-investir-r%ef%bc%84-132-bilhoes-em-saneamento-nos-proximos-quatro-anos\/\">Conforme a\u00a0mensagem de ve<\/a>to, quase R$ 4,2 bilh\u00f5es iriam para o Fundo Nacional de Desenvolvimento Cient\u00edfico e Tecnol\u00f3gico (FNDCT), para a\u00e7\u00f5es de fomento de pesquisa, contratos com organiza\u00e7\u00f5es sociais e obras.<\/p>\n<div class=\"google-auto-placed ap_container\">\n<p>O motivo do veto, segundo o Executivo, \u00e9 que haveria um descumprimento da propor\u00e7\u00e3o entre opera\u00e7\u00f5es reembols\u00e1veis e n\u00e3o reembols\u00e1veis, algo exigido pela legisla\u00e7\u00e3o que regulamenta o FNDCT.<\/p>\n<p><a href=\"https:\/\/midiabahia.com.br\/diferentes-setores-da-economia-criticam-a-volta-do-horario-de-verao\/\">Outros R$ 60 milh\u00f5es iriam para o Minist\u00e9rio da Economia<\/a>, para a\u00e7\u00f5es relacionadas ao associativismo e ao cooperativismo. Nesse caso, o governo alegou que essas \u00e1reas est\u00e3o sob a compet\u00eancia do Minist\u00e9rio do Trabalho.<\/p>\n<p>Outros vetos tamb\u00e9m cortaram verbas destinadas ao Instituto Nacional de Coloniza\u00e7\u00e3o e Reforma Agr\u00e1ria (Incra), ao Fundo Geral de Turismo (Fungetur) e ao Fundo Penitenci\u00e1rio Nacional (Funpen).\u00a0<a href=\"https:\/\/midiabahia.com.br\/defesa-civil-nacional-repassa-mais-de-r%ef%bc%84-102-milhoes-a-quinze-cidades-atingidas-por-desastres\/\">Os cortes foram de R$ 15 milh\u00f5es, R$ 8 milh\u00f5es e R$ 250 mil, respectivamente.<\/a><\/p>\n<p>Lula tamb\u00e9m vetou a cria\u00e7\u00e3o de 1,8 mil cargos em seis universidades federais de cinco Estados, al\u00e9m do provimento de outros 400 cargos nessas mesmas institui\u00e7\u00f5es. A justificativa \u00e9 que essa medida impactaria \u201csignificativamente\u201d o planejamento e a gest\u00e3o do quadro de pessoal permanente do Executivo.<\/p>\n<div class=\"google-auto-placed ap_container\"><ins class=\"adsbygoogle adsbygoogle-noablate\" data-ad-format=\"auto\" data-ad-client=\"ca-pub-3384338128226776\" data-adsbygoogle-status=\"done\" data-ad-status=\"filled\"><\/p>\n<div id=\"aswift_3_host\" tabindex=\"0\" title=\"Advertisement\" aria-label=\"Advertisement\"><\/div>\n<p><\/ins><\/div>\n<p>Outro corte recaiu sobre a Ag\u00eancia Nacional de Minera\u00e7\u00e3o (ANM). O presidente cortou o provimento de 95 cargos e vetou a destina\u00e7\u00e3o de R$ 59,2 milh\u00f5es para reajuste salarial na ag\u00eancia. A justificativa \u00e9 que os dispositivos que embasaram o aumento de despesa com pessoal na ANM foram vetados em uma lei de 2022.<\/p>\n<\/div>\n","protected":false},"excerpt":{"rendered":"<p>O presidente Luiz In\u00e1cio Lula da Silva sancionou, com vetos, na ter\u00e7a-feira 17 a Lei Or\u00e7ament\u00e1ria Anual (LOA) para 2023. Com os vetos, ele cortou quase R$ 4,3 bilh\u00f5es em despesas aprovadas pelo Congresso Nacional \u2014 a maior parte dos recursos era para institui\u00e7\u00f5es de pesquisa.<\/p>\n","protected":false},"author":3,"featured_media":2626,"comment_status":"closed","ping_status":"closed","sticky":false,"template":"","format":"standard","meta":{"_links_to":"","_links_to_target":""},"categories":[2],"tags":[],"_links":{"self":[{"href":"https:\/\/www.correiodascidades.com.br\/v1\/wp-json\/wp\/v2\/posts\/2622"}],"collection":[{"href":"https:\/\/www.correiodascidades.com.br\/v1\/wp-json\/wp\/v2\/posts"}],"about":[{"href":"https:\/\/www.correiodascidades.com.br\/v1\/wp-json\/wp\/v2\/types\/post"}],"author":[{"embeddable":true,"href":"https:\/\/www.correiodascidades.com.br\/v1\/wp-json\/wp\/v2\/users\/3"}],"replies":[{"embeddable":true,"href":"https:\/\/www.correiodascidades.com.br\/v1\/wp-json\/wp\/v2\/comments?post=2622"}],"version-history":[{"count":1,"href":"https:\/\/www.correiodascidades.com.br\/v1\/wp-json\/wp\/v2\/posts\/2622\/revisions"}],"predecessor-version":[{"id":2627,"href":"https:\/\/www.correiodascidades.com.br\/v1\/wp-json\/wp\/v2\/posts\/2622\/revisions\/2627"}],"wp:featuredmedia":[{"embeddable":true,"href":"https:\/\/www.correiodascidades.com.br\/v1\/wp-json\/wp\/v2\/media\/2626"}],"wp:attachment":[{"href":"https:\/\/www.correiodascidades.com.br\/v1\/wp-json\/wp\/v2\/media?parent=2622"}],"wp:term":[{"taxonomy":"category","embeddable":true,"href":"https:\/\/www.correiodascidades.com.br\/v1\/wp-json\/wp\/v2\/categories?post=2622"},{"taxonomy":"post_tag","embeddable":true,"href":"https:\/\/www.correiodascidades.com.br\/v1\/wp-json\/wp\/v2\/tags?post=2622"}],"curies":[{"name":"wp","href":"https:\/\/api.w.org\/{rel}","templated":true}]}}