{"id":2623,"date":"2023-01-18T22:37:51","date_gmt":"2023-01-19T01:37:51","guid":{"rendered":"https:\/\/www.correiodascidades.com.br\/v1\/?p=2623"},"modified":"2023-01-18T22:37:51","modified_gmt":"2023-01-19T01:37:51","slug":"sem-clube-ex-atacante-do-bahia-publica-foto-trabalhando-na-construcao-em-minas-gerais","status":"publish","type":"post","link":"https:\/\/www.correiodascidades.com.br\/v1\/2023\/01\/18\/sem-clube-ex-atacante-do-bahia-publica-foto-trabalhando-na-construcao-em-minas-gerais\/","title":{"rendered":"Sem clube, ex-atacante do Bahia publica foto trabalhando na constru\u00e7\u00e3o em Minas Gerais"},"content":{"rendered":"<p><img loading=\"lazy\" class=\"\" src=\"https:\/\/www.correiodascidades.com.br\/v1\/wp-content\/uploads\/2023\/01\/JAEL-PEDREIRO.jpeg\" width=\"355\" height=\"234\" \/><\/p>\n<p>Com um curr\u00edculo cheio de passagens por clubes do Brasil e do mundo, o centroavante Jael, hoje com 34 anos, est\u00e1 livre no mercado.<!--more--> Essa semana, o atacante chamou a aten\u00e7\u00e3o nas redes sociais ao publicar uma foto ajudando na constru\u00e7\u00e3o de uma quadra, em Barranco Alto, Minas Gerais. No entanto, o jogador segue aperfei\u00e7oando a forma f\u00edsica a espera de algum clube.<\/p>\n<p>O \u00faltimo clube do jogador foi o Cear\u00e1, onde esteve nos anos de 2021 e 2022. Antes disso, o atacante que ganhou o apelido de \u201cCruel\u201d, passou duas temporadas no futebol japon\u00eas.<\/p>\n<div class=\"google-auto-placed ap_container\">\n<p>O \u00faltimo clube do jogador foi o Cear\u00e1, onde esteve nos anos de 2021 e 2022. Antes disso, o atacante que ganhou o apelido de \u201cCruel\u201d, passou duas temporadas no futebol japon\u00eas.<\/p>\n<p>Jael tem passagens por grandes times do Brasil, como Gr\u00eamio, Sport, S\u00e3o Caetano, Bahia, Goi\u00e1s e, em Santa Catarina e JEC.<\/p>\n<p>Natural de V\u00e1rzea Grande, no Mato Grosso do Sul, Jael chegou ao Bahia em 2009, durante per\u00edodo que o clube amargava a segunda divis\u00e3o do futebol brasileiro. O atleta permaneceu no clube at\u00e9 2011, tendo conseguido o acesso \u00e0 S\u00e9rie A com o time no ano anterior. Ao todo, ele disputou 48 jogos pelo Tricolor e marcou 25 gols.<\/p>\n<\/div>\n","protected":false},"excerpt":{"rendered":"<p>Com um curr\u00edculo cheio de passagens por clubes do Brasil e do mundo, o centroavante Jael, hoje com 34 anos, est\u00e1 livre no mercado.<\/p>\n","protected":false},"author":3,"featured_media":2624,"comment_status":"closed","ping_status":"closed","sticky":false,"template":"","format":"standard","meta":{"_links_to":"","_links_to_target":""},"categories":[2],"tags":[],"_links":{"self":[{"href":"https:\/\/www.correiodascidades.com.br\/v1\/wp-json\/wp\/v2\/posts\/2623"}],"collection":[{"href":"https:\/\/www.correiodascidades.com.br\/v1\/wp-json\/wp\/v2\/posts"}],"about":[{"href":"https:\/\/www.correiodascidades.com.br\/v1\/wp-json\/wp\/v2\/types\/post"}],"author":[{"embeddable":true,"href":"https:\/\/www.correiodascidades.com.br\/v1\/wp-json\/wp\/v2\/users\/3"}],"replies":[{"embeddable":true,"href":"https:\/\/www.correiodascidades.com.br\/v1\/wp-json\/wp\/v2\/comments?post=2623"}],"version-history":[{"count":1,"href":"https:\/\/www.correiodascidades.com.br\/v1\/wp-json\/wp\/v2\/posts\/2623\/revisions"}],"predecessor-version":[{"id":2625,"href":"https:\/\/www.correiodascidades.com.br\/v1\/wp-json\/wp\/v2\/posts\/2623\/revisions\/2625"}],"wp:featuredmedia":[{"embeddable":true,"href":"https:\/\/www.correiodascidades.com.br\/v1\/wp-json\/wp\/v2\/media\/2624"}],"wp:attachment":[{"href":"https:\/\/www.correiodascidades.com.br\/v1\/wp-json\/wp\/v2\/media?parent=2623"}],"wp:term":[{"taxonomy":"category","embeddable":true,"href":"https:\/\/www.correiodascidades.com.br\/v1\/wp-json\/wp\/v2\/categories?post=2623"},{"taxonomy":"post_tag","embeddable":true,"href":"https:\/\/www.correiodascidades.com.br\/v1\/wp-json\/wp\/v2\/tags?post=2623"}],"curies":[{"name":"wp","href":"https:\/\/api.w.org\/{rel}","templated":true}]}}