{"id":2634,"date":"2023-01-19T07:17:18","date_gmt":"2023-01-19T10:17:18","guid":{"rendered":"https:\/\/www.correiodascidades.com.br\/v1\/?p=2634"},"modified":"2023-01-19T07:22:03","modified_gmt":"2023-01-19T10:22:03","slug":"mupoiba-comissao-externa-acompanha-as-investigacoes-dos-assassinatos-de-indigenas-no-extremo-sul","status":"publish","type":"post","link":"https:\/\/www.correiodascidades.com.br\/v1\/2023\/01\/19\/mupoiba-comissao-externa-acompanha-as-investigacoes-dos-assassinatos-de-indigenas-no-extremo-sul\/","title":{"rendered":"MUPOIBA: Comiss\u00e3o externa acompanha as investiga\u00e7\u00f5es dos assassinatos de ind\u00edgenas no extremo sul"},"content":{"rendered":"<div id=\"attachment_2635\" style=\"width: 503px\" class=\"wp-caption alignnone\"><img aria-describedby=\"caption-attachment-2635\" loading=\"lazy\" class=\"wp-image-2635 size-full\" src=\"https:\/\/www.correiodascidades.com.br\/v1\/wp-content\/uploads\/2023\/01\/IMG-20230118-WA0105.jpg\" alt=\"\" width=\"493\" height=\"343\" srcset=\"https:\/\/www.correiodascidades.com.br\/v1\/wp-content\/uploads\/2023\/01\/IMG-20230118-WA0105.jpg 493w, https:\/\/www.correiodascidades.com.br\/v1\/wp-content\/uploads\/2023\/01\/IMG-20230118-WA0105-300x209.jpg 300w\" sizes=\"(max-width: 493px) 100vw, 493px\" \/><p id=\"caption-attachment-2635\" class=\"wp-caption-text\">Foto feita pela comiss\u00e3o registra resto de balas deixadas pelos pistoleiros<\/p><\/div>\n<p>Por: Walney Magno<\/p>\n<p>Uma comiss\u00e3o externa formada pelo Movimento de Povos e\u00a0 Organiza\u00e7\u00f5es Ind\u00edgenas da Bahia, (Mupoiba), em conjunto com o Movimento MIBA e FINPAT, estiveram ontem (18\/01), no local\u00a0 onde foram assassinados os jovens ind\u00edgenas Samuel e Waiury,\u00a0 no dia anterior, por pistoleiros a servi\u00e7o de fazendeiros.<!--more--><\/p>\n<p>Na oportunidade a comiss\u00e3o pode ouvir todo o sofrimento do povo Pataxo do extremo sul, e os riscos que todos os ind\u00edgenas daquela regi\u00e3o est\u00e3o passando.<\/p>\n<p>Uma equipe da pol\u00edcia Federal junto com a FUNAI, estiveram tamb\u00e9m na \u00e1rea para acompanharrem o caso.<\/p>\n<p>As lideran\u00e7as solicitaram provid\u00eancias para fazer justi\u00e7a sobre os assassinatos dos parentes,bem como a seguran\u00e7a de vida para todos que ali vivem, bem como a pris\u00e3o dos l\u00edderes dos fazendeiros e seus c\u00famplices. Na oportunidade foi apresentando pelos l\u00edderes as cascas das balas degradadas em ataque contra o povo.<\/p>\n","protected":false},"excerpt":{"rendered":"<p>Por: Walney Magno Uma comiss\u00e3o externa formada pelo Movimento de Povos e\u00a0 Organiza\u00e7\u00f5es Ind\u00edgenas da Bahia, (Mupoiba), em conjunto com o Movimento MIBA e FINPAT, estiveram ontem (18\/01), no local\u00a0 onde foram assassinados os jovens ind\u00edgenas Samuel e Waiury,\u00a0 no dia anterior, por pistoleiros a servi\u00e7o de fazendeiros.<\/p>\n","protected":false},"author":3,"featured_media":2635,"comment_status":"closed","ping_status":"closed","sticky":false,"template":"","format":"standard","meta":{"_links_to":"","_links_to_target":""},"categories":[11],"tags":[],"_links":{"self":[{"href":"https:\/\/www.correiodascidades.com.br\/v1\/wp-json\/wp\/v2\/posts\/2634"}],"collection":[{"href":"https:\/\/www.correiodascidades.com.br\/v1\/wp-json\/wp\/v2\/posts"}],"about":[{"href":"https:\/\/www.correiodascidades.com.br\/v1\/wp-json\/wp\/v2\/types\/post"}],"author":[{"embeddable":true,"href":"https:\/\/www.correiodascidades.com.br\/v1\/wp-json\/wp\/v2\/users\/3"}],"replies":[{"embeddable":true,"href":"https:\/\/www.correiodascidades.com.br\/v1\/wp-json\/wp\/v2\/comments?post=2634"}],"version-history":[{"count":3,"href":"https:\/\/www.correiodascidades.com.br\/v1\/wp-json\/wp\/v2\/posts\/2634\/revisions"}],"predecessor-version":[{"id":2638,"href":"https:\/\/www.correiodascidades.com.br\/v1\/wp-json\/wp\/v2\/posts\/2634\/revisions\/2638"}],"wp:featuredmedia":[{"embeddable":true,"href":"https:\/\/www.correiodascidades.com.br\/v1\/wp-json\/wp\/v2\/media\/2635"}],"wp:attachment":[{"href":"https:\/\/www.correiodascidades.com.br\/v1\/wp-json\/wp\/v2\/media?parent=2634"}],"wp:term":[{"taxonomy":"category","embeddable":true,"href":"https:\/\/www.correiodascidades.com.br\/v1\/wp-json\/wp\/v2\/categories?post=2634"},{"taxonomy":"post_tag","embeddable":true,"href":"https:\/\/www.correiodascidades.com.br\/v1\/wp-json\/wp\/v2\/tags?post=2634"}],"curies":[{"name":"wp","href":"https:\/\/api.w.org\/{rel}","templated":true}]}}