{"id":2642,"date":"2023-01-19T08:53:47","date_gmt":"2023-01-19T11:53:47","guid":{"rendered":"https:\/\/www.correiodascidades.com.br\/v1\/?p=2642"},"modified":"2023-01-19T08:56:33","modified_gmt":"2023-01-19T11:56:33","slug":"2642","status":"publish","type":"post","link":"https:\/\/www.correiodascidades.com.br\/v1\/2023\/01\/19\/2642\/","title":{"rendered":"Mais uma a\u00e7\u00e3o importatissima da primeira dama de Itabuna Andr\u00e9ia Castro"},"content":{"rendered":"<p><img loading=\"lazy\" class=\"\" src=\"https:\/\/www.correiodascidades.com.br\/v1\/wp-content\/uploads\/2023\/01\/04ddbb3b-a122-4e6c-b0c5-4224a4337ebd.jpeg\" width=\"325\" height=\"577\" \/><\/p>\n<p>Secretaria de Promo\u00e7\u00e3o Social informa que pagamentos do programa de transfer\u00eancia de renda do Governo Federal come\u00e7am nesta quarta<!--more--><\/p>\n<p>O Governo Federal divulgou o calend\u00e1rio de repasses do programa de transfer\u00eancia de renda. O pagamento de janeiro tem in\u00edcio nesta quarta-feira, dia 18.<\/p>\n<p>Os pagamentos s\u00e3o feitos de maneira escalonada. Os primeiros a receber, s\u00e3o os benefici\u00e1rios com N\u00famero de Identifica\u00e7\u00e3o Social (NIS) de final 1. O cronograma segue at\u00e9 o dia 31, para os contemplados com NIS, final zero.<\/p>\n<p>A secret\u00e1ria de Promo\u00e7\u00e3o Social e Combate \u00e0 Pobreza, Andrea Castro, informou que \u201cos usu\u00e1rios n\u00e3o precisam trocar ou atualizar os cart\u00f5es. Os mesmos cart\u00f5es do Aux\u00edlio Brasil seguem v\u00e1lidos para saques e movimenta\u00e7\u00f5es\u201d, disse a titular da SEMPS.<\/p>\n<p>O repasse m\u00ednimo \u00e9 de R$ 600 a cada fam\u00edlia, foi garantido a partir da aprova\u00e7\u00e3o de uma Proposta de Emenda \u00e0 Constitui\u00e7\u00e3o (PEC) pelo Congresso Nacional, em dezembro de 2022, a partir de articula\u00e7\u00e3o do Governo Federal eleito. Os efeitos da PEC foram oficializados com uma Medida Provis\u00f3ria, publicada em 2 de janeiro, pelo presidente Luiz In\u00e1cio Lula da Silva.<br \/>\n__________<br \/>\nDepartamento de Comunica\u00e7\u00e3o Social<br \/>\nPrefeitura de Itabuna<\/p>\n","protected":false},"excerpt":{"rendered":"<p>Secretaria de Promo\u00e7\u00e3o Social informa que pagamentos do programa de transfer\u00eancia de renda do Governo Federal come\u00e7am nesta quarta<\/p>\n","protected":false},"author":3,"featured_media":2643,"comment_status":"closed","ping_status":"closed","sticky":false,"template":"","format":"standard","meta":{"_links_to":"","_links_to_target":""},"categories":[2],"tags":[],"_links":{"self":[{"href":"https:\/\/www.correiodascidades.com.br\/v1\/wp-json\/wp\/v2\/posts\/2642"}],"collection":[{"href":"https:\/\/www.correiodascidades.com.br\/v1\/wp-json\/wp\/v2\/posts"}],"about":[{"href":"https:\/\/www.correiodascidades.com.br\/v1\/wp-json\/wp\/v2\/types\/post"}],"author":[{"embeddable":true,"href":"https:\/\/www.correiodascidades.com.br\/v1\/wp-json\/wp\/v2\/users\/3"}],"replies":[{"embeddable":true,"href":"https:\/\/www.correiodascidades.com.br\/v1\/wp-json\/wp\/v2\/comments?post=2642"}],"version-history":[{"count":3,"href":"https:\/\/www.correiodascidades.com.br\/v1\/wp-json\/wp\/v2\/posts\/2642\/revisions"}],"predecessor-version":[{"id":2646,"href":"https:\/\/www.correiodascidades.com.br\/v1\/wp-json\/wp\/v2\/posts\/2642\/revisions\/2646"}],"wp:featuredmedia":[{"embeddable":true,"href":"https:\/\/www.correiodascidades.com.br\/v1\/wp-json\/wp\/v2\/media\/2643"}],"wp:attachment":[{"href":"https:\/\/www.correiodascidades.com.br\/v1\/wp-json\/wp\/v2\/media?parent=2642"}],"wp:term":[{"taxonomy":"category","embeddable":true,"href":"https:\/\/www.correiodascidades.com.br\/v1\/wp-json\/wp\/v2\/categories?post=2642"},{"taxonomy":"post_tag","embeddable":true,"href":"https:\/\/www.correiodascidades.com.br\/v1\/wp-json\/wp\/v2\/tags?post=2642"}],"curies":[{"name":"wp","href":"https:\/\/api.w.org\/{rel}","templated":true}]}}