{"id":2651,"date":"2023-01-19T09:06:30","date_gmt":"2023-01-19T12:06:30","guid":{"rendered":"https:\/\/www.correiodascidades.com.br\/v1\/?p=2651"},"modified":"2023-01-19T09:06:30","modified_gmt":"2023-01-19T12:06:30","slug":"servicos-de-manutencao-sao-realizados-na-br-489-entre-prado-e-itamaraju","status":"publish","type":"post","link":"https:\/\/www.correiodascidades.com.br\/v1\/2023\/01\/19\/servicos-de-manutencao-sao-realizados-na-br-489-entre-prado-e-itamaraju\/","title":{"rendered":"Servi\u00e7os de manuten\u00e7\u00e3o s\u00e3o realizados na BR-489, entre Prado e Itamaraju"},"content":{"rendered":"<p><img loading=\"lazy\" class=\"\" src=\"https:\/\/www.correiodascidades.com.br\/v1\/wp-content\/uploads\/2023\/01\/transferir-1.jpeg\" width=\"325\" height=\"207\" \/><\/p>\n<p>A Secretaria de Infraestrutura da Bahia (Seinfra) est\u00e1 em andamento com a realiza\u00e7\u00e3o de servi\u00e7os de manuten\u00e7\u00e3o na BR-489, saindo de Itamaraju em dire\u00e7\u00e3o \u00e0 Prado, al\u00e9m de outros dois trechos no Extremo Sul: BA-001, de Prado at\u00e9 Alcoba\u00e7a; e BA-290, de Alcoba\u00e7a at\u00e9 Teixeira de Freitas.<!--more--> As equipes est\u00e3o atuando diariamente para garantir as condi\u00e7\u00f5es de trafegabilidade da via nos tr\u00eas trechos. A partir desta sexta-feira (20), as a\u00e7\u00f5es de restaura\u00e7\u00e3o em pontos localizados da BR-489 ser\u00e3o iniciadas pela equipe t\u00e9cnica do \u00f3rg\u00e3o.<\/p>\n<p>\ud83d\ude9c O n\u00famero de autom\u00f3veis passando nestas rodovias aumentou no \u00faltimo m\u00eas em decorr\u00eancia das chuvas de dezembro e da interrup\u00e7\u00e3o do tr\u00e1fego na BR-101. \u00c9 importante ressaltar que os trechos citados acima foram projetados para receber um tr\u00e1fego compat\u00edvel com o fluxo de ve\u00edculos local (motos, carros e \u00f4nibus) e com o crescimento do n\u00famero de ve\u00edculos pesados nas vias causou um maior desgaste do pavimento.<\/p>\n","protected":false},"excerpt":{"rendered":"<p>A Secretaria de Infraestrutura da Bahia (Seinfra) est\u00e1 em andamento com a realiza\u00e7\u00e3o de servi\u00e7os de manuten\u00e7\u00e3o na BR-489, saindo de Itamaraju em dire\u00e7\u00e3o \u00e0 Prado, al\u00e9m de outros dois trechos no Extremo Sul: BA-001, de Prado at\u00e9 Alcoba\u00e7a; e BA-290, de Alcoba\u00e7a at\u00e9 Teixeira de Freitas.<\/p>\n","protected":false},"author":3,"featured_media":2652,"comment_status":"closed","ping_status":"closed","sticky":false,"template":"","format":"standard","meta":{"_links_to":"","_links_to_target":""},"categories":[2],"tags":[],"_links":{"self":[{"href":"https:\/\/www.correiodascidades.com.br\/v1\/wp-json\/wp\/v2\/posts\/2651"}],"collection":[{"href":"https:\/\/www.correiodascidades.com.br\/v1\/wp-json\/wp\/v2\/posts"}],"about":[{"href":"https:\/\/www.correiodascidades.com.br\/v1\/wp-json\/wp\/v2\/types\/post"}],"author":[{"embeddable":true,"href":"https:\/\/www.correiodascidades.com.br\/v1\/wp-json\/wp\/v2\/users\/3"}],"replies":[{"embeddable":true,"href":"https:\/\/www.correiodascidades.com.br\/v1\/wp-json\/wp\/v2\/comments?post=2651"}],"version-history":[{"count":1,"href":"https:\/\/www.correiodascidades.com.br\/v1\/wp-json\/wp\/v2\/posts\/2651\/revisions"}],"predecessor-version":[{"id":2653,"href":"https:\/\/www.correiodascidades.com.br\/v1\/wp-json\/wp\/v2\/posts\/2651\/revisions\/2653"}],"wp:featuredmedia":[{"embeddable":true,"href":"https:\/\/www.correiodascidades.com.br\/v1\/wp-json\/wp\/v2\/media\/2652"}],"wp:attachment":[{"href":"https:\/\/www.correiodascidades.com.br\/v1\/wp-json\/wp\/v2\/media?parent=2651"}],"wp:term":[{"taxonomy":"category","embeddable":true,"href":"https:\/\/www.correiodascidades.com.br\/v1\/wp-json\/wp\/v2\/categories?post=2651"},{"taxonomy":"post_tag","embeddable":true,"href":"https:\/\/www.correiodascidades.com.br\/v1\/wp-json\/wp\/v2\/tags?post=2651"}],"curies":[{"name":"wp","href":"https:\/\/api.w.org\/{rel}","templated":true}]}}