{"id":2654,"date":"2023-01-20T08:24:07","date_gmt":"2023-01-20T11:24:07","guid":{"rendered":"https:\/\/www.correiodascidades.com.br\/v1\/?p=2654"},"modified":"2023-01-20T08:24:07","modified_gmt":"2023-01-20T11:24:07","slug":"governo-lula-vai-liberar-quase-r-1-bi-atraves-da-lei-rouanet-no-mes-de-janeiro","status":"publish","type":"post","link":"https:\/\/www.correiodascidades.com.br\/v1\/2023\/01\/20\/governo-lula-vai-liberar-quase-r-1-bi-atraves-da-lei-rouanet-no-mes-de-janeiro\/","title":{"rendered":"Governo Lula vai liberar quase R$ 1 bi atrav\u00e9s da Lei Rouanet no m\u00eas de janeiro"},"content":{"rendered":"<p><img loading=\"lazy\" class=\"\" src=\"https:\/\/www.correiodascidades.com.br\/v1\/wp-content\/uploads\/2023\/01\/2CEE56B1-078A-4501-ADAF-7FFED8282FFC-608x300.jpeg-esta.jpg\" width=\"306\" height=\"151\" \/><\/p>\n<p>Um dia ap\u00f3s vetar investimentos da ordem de 4,2 bilh\u00f5es em tecnologia e ci\u00eancia, o Governo Lula, por meio do Minist\u00e9rio da Cultura (MinC), comandado pela cantora de ax\u00e9, Margareth Menezes (foto), anunciou nesta quarta-feira (18\/01) que liberar\u00e1 quase R$ 1 bilh\u00e3o atrav\u00e9s da Lei Rouanet at\u00e9 o final do m\u00eas de janeiro.<!--more--><\/p>\n<div class=\"code-block code-block-1\">\n<p>S\u00e3o R$ 968 milh\u00f5es em recursos que estavam bloqueados. Segundo o minist\u00e9rio, eles ser\u00e3o destinados a 1.946 projetos.<\/p>\n<p>\u201c<em>Em apenas 20 dias de trabalho, o Minist\u00e9rio da Cultura identificou 1.800 projetos [da Lei Rouanet] que j\u00e1 tinham sido captados, mas que estavam bloqueados pela administra\u00e7\u00e3o passada. Isso significa um montante de R$ 1 bilh\u00e3o que estamos liberando at\u00e9 30 de janeiro<\/em>\u201d, disse Margareth.<\/p>\n<p>Ainda segundo o MinC, este montante da Lei Rouanet estava bloqueado desde o in\u00edcio de 2022. Segundo o \u00f3rg\u00e3o, o bloqueio foi executado por uma decis\u00e3o pol\u00edtica da ent\u00e3o Secretaria Especial de Cultura, \u00f3rg\u00e3o criado pelo governo Jair Bolsonaro (PL) e que foi substitu\u00eddo pelo MinC em 2023.<\/p>\n<\/div>\n","protected":false},"excerpt":{"rendered":"<p>Um dia ap\u00f3s vetar investimentos da ordem de 4,2 bilh\u00f5es em tecnologia e ci\u00eancia, o Governo Lula, por meio do Minist\u00e9rio da Cultura (MinC), comandado pela cantora de ax\u00e9, Margareth Menezes (foto), anunciou nesta quarta-feira (18\/01) que liberar\u00e1 quase R$ 1 bilh\u00e3o atrav\u00e9s da Lei Rouanet at\u00e9 o final do m\u00eas de janeiro.<\/p>\n","protected":false},"author":3,"featured_media":2655,"comment_status":"closed","ping_status":"closed","sticky":false,"template":"","format":"standard","meta":{"_links_to":"","_links_to_target":""},"categories":[2],"tags":[],"_links":{"self":[{"href":"https:\/\/www.correiodascidades.com.br\/v1\/wp-json\/wp\/v2\/posts\/2654"}],"collection":[{"href":"https:\/\/www.correiodascidades.com.br\/v1\/wp-json\/wp\/v2\/posts"}],"about":[{"href":"https:\/\/www.correiodascidades.com.br\/v1\/wp-json\/wp\/v2\/types\/post"}],"author":[{"embeddable":true,"href":"https:\/\/www.correiodascidades.com.br\/v1\/wp-json\/wp\/v2\/users\/3"}],"replies":[{"embeddable":true,"href":"https:\/\/www.correiodascidades.com.br\/v1\/wp-json\/wp\/v2\/comments?post=2654"}],"version-history":[{"count":1,"href":"https:\/\/www.correiodascidades.com.br\/v1\/wp-json\/wp\/v2\/posts\/2654\/revisions"}],"predecessor-version":[{"id":2656,"href":"https:\/\/www.correiodascidades.com.br\/v1\/wp-json\/wp\/v2\/posts\/2654\/revisions\/2656"}],"wp:featuredmedia":[{"embeddable":true,"href":"https:\/\/www.correiodascidades.com.br\/v1\/wp-json\/wp\/v2\/media\/2655"}],"wp:attachment":[{"href":"https:\/\/www.correiodascidades.com.br\/v1\/wp-json\/wp\/v2\/media?parent=2654"}],"wp:term":[{"taxonomy":"category","embeddable":true,"href":"https:\/\/www.correiodascidades.com.br\/v1\/wp-json\/wp\/v2\/categories?post=2654"},{"taxonomy":"post_tag","embeddable":true,"href":"https:\/\/www.correiodascidades.com.br\/v1\/wp-json\/wp\/v2\/tags?post=2654"}],"curies":[{"name":"wp","href":"https:\/\/api.w.org\/{rel}","templated":true}]}}