{"id":2657,"date":"2023-01-20T08:30:00","date_gmt":"2023-01-20T11:30:00","guid":{"rendered":"https:\/\/www.correiodascidades.com.br\/v1\/?p=2657"},"modified":"2023-01-20T08:30:00","modified_gmt":"2023-01-20T11:30:00","slug":"ilheus-iguape-sendo-atendido-dentro-dos-apelos-do-vereador-augustao","status":"publish","type":"post","link":"https:\/\/www.correiodascidades.com.br\/v1\/2023\/01\/20\/ilheus-iguape-sendo-atendido-dentro-dos-apelos-do-vereador-augustao\/","title":{"rendered":"ILH\u00c9US: Iguape sendo atendido dentro dos apelos do Vereador August\u00e3o."},"content":{"rendered":"<p><img loading=\"lazy\" class=\"\" src=\"https:\/\/www.correiodascidades.com.br\/v1\/wp-content\/uploads\/2023\/01\/634a427e-fca2-4d15-b0de-dd1d4f84f2fb_1.jpeg\" width=\"300\" height=\"225\" \/><\/p>\n<p>Ap\u00f3s solicita\u00e7\u00e3o do vereador August\u00e3o, a Prefeitura de Ilh\u00e9us iniciou esta semana os servi\u00e7os de recupera\u00e7\u00e3o da pavimenta\u00e7\u00e3o em paralelep\u00edpedo da Rua Maria Luiza, no bairro do Iguape.<!--more--><\/p>\n<p>Desde que assumiu o mandato na C\u00e2mara de Vereadores, August\u00e3o vem solicitando a recupera\u00e7\u00e3o completa n\u00e3o somente na rua Maria Luiza, como tamb\u00e9m de todas as ruas do bairro do Iguape.<\/p>\n","protected":false},"excerpt":{"rendered":"<p>Ap\u00f3s solicita\u00e7\u00e3o do vereador August\u00e3o, a Prefeitura de Ilh\u00e9us iniciou esta semana os servi\u00e7os de recupera\u00e7\u00e3o da pavimenta\u00e7\u00e3o em paralelep\u00edpedo da Rua Maria Luiza, no bairro do Iguape.<\/p>\n","protected":false},"author":3,"featured_media":2659,"comment_status":"closed","ping_status":"closed","sticky":false,"template":"","format":"standard","meta":{"_links_to":"","_links_to_target":""},"categories":[2],"tags":[],"_links":{"self":[{"href":"https:\/\/www.correiodascidades.com.br\/v1\/wp-json\/wp\/v2\/posts\/2657"}],"collection":[{"href":"https:\/\/www.correiodascidades.com.br\/v1\/wp-json\/wp\/v2\/posts"}],"about":[{"href":"https:\/\/www.correiodascidades.com.br\/v1\/wp-json\/wp\/v2\/types\/post"}],"author":[{"embeddable":true,"href":"https:\/\/www.correiodascidades.com.br\/v1\/wp-json\/wp\/v2\/users\/3"}],"replies":[{"embeddable":true,"href":"https:\/\/www.correiodascidades.com.br\/v1\/wp-json\/wp\/v2\/comments?post=2657"}],"version-history":[{"count":1,"href":"https:\/\/www.correiodascidades.com.br\/v1\/wp-json\/wp\/v2\/posts\/2657\/revisions"}],"predecessor-version":[{"id":2660,"href":"https:\/\/www.correiodascidades.com.br\/v1\/wp-json\/wp\/v2\/posts\/2657\/revisions\/2660"}],"wp:featuredmedia":[{"embeddable":true,"href":"https:\/\/www.correiodascidades.com.br\/v1\/wp-json\/wp\/v2\/media\/2659"}],"wp:attachment":[{"href":"https:\/\/www.correiodascidades.com.br\/v1\/wp-json\/wp\/v2\/media?parent=2657"}],"wp:term":[{"taxonomy":"category","embeddable":true,"href":"https:\/\/www.correiodascidades.com.br\/v1\/wp-json\/wp\/v2\/categories?post=2657"},{"taxonomy":"post_tag","embeddable":true,"href":"https:\/\/www.correiodascidades.com.br\/v1\/wp-json\/wp\/v2\/tags?post=2657"}],"curies":[{"name":"wp","href":"https:\/\/api.w.org\/{rel}","templated":true}]}}