{"id":2698,"date":"2023-01-22T04:58:03","date_gmt":"2023-01-22T07:58:03","guid":{"rendered":"https:\/\/www.correiodascidades.com.br\/v1\/?p=2698"},"modified":"2023-01-22T04:58:03","modified_gmt":"2023-01-22T07:58:03","slug":"maternidade-comete-erros-e-bebe-morre-dias-depois-do-parto","status":"publish","type":"post","link":"https:\/\/www.correiodascidades.com.br\/v1\/2023\/01\/22\/maternidade-comete-erros-e-bebe-morre-dias-depois-do-parto\/","title":{"rendered":"Maternidade comete erros e beb\u00ea morre dias depois do parto"},"content":{"rendered":"<p><img loading=\"lazy\" class=\"\" src=\"https:\/\/www.correiodascidades.com.br\/v1\/wp-content\/uploads\/2023\/01\/sem_titulo_bUXy0xb_widelg.jpg\" width=\"316\" height=\"178\" \/><\/p>\n<p>Ap\u00f3s ter tido problemas durante o parto, no Hospital e Maternidade Jesus Jos\u00e9 Maria, uma m\u00e3e perdeu o beb\u00ea, de tr\u00eas dias. Os pais da crian\u00e7a, Mateus Gabriel e Bruna Damasceno, afirmaram que houve neglig\u00eancia m\u00e9dica: &#8220;Quebraram o cr\u00e2nio do meu filho no parto&#8221;. O caso aconteceu em Guarulhos, na regi\u00e3o metropolitana de S\u00e3o Paulo.<!--more--><\/p>\n<p>&nbsp;<\/p>\n<div><\/div>\n<div>A m\u00e3e conta que deu entrada na unidade por volta das 12h do dia 4 de janeiro, sem dores, mas estava com a press\u00e3o alta. Como a mulher j\u00e1 tinha 39 semanas de gesta\u00e7\u00e3o, os profissionais da sa\u00fade optaram por intern\u00e1-la e induzir o parto. Ap\u00f3s a interna\u00e7\u00e3o, a mulher precisou ser intubada. Assim que nasceu, o beb\u00ea foi levado direto para a UTI (Unidade de Terapia Intensiva).<\/div>\n<div><\/div>\n<div><\/div>\n<div>Aos pais, os m\u00e9dicos e enfermeiros relataram que o beb\u00ea estava com falta de ar. Mas, segundo eles, o filho sofreu traumatismo craniano em algum momento da indu\u00e7\u00e3o do parto, porque a cabe\u00e7a dele ficou mais &#8220;mole que o normal&#8221;, devido a moleira que \u00e9 comum em rec\u00e9m-nascidos.<\/div>\n<div><\/div>\n<div><\/div>\n<div>O pai, que estava presente, conta que os agentes da sa\u00fade colocaram tanta for\u00e7a em um dos momentos da indu\u00e7\u00e3o, que chegou a &#8220;ouvir barulho de ferro batendo um no outro&#8221;, relata sobre os equipamentos usados pelos profissionais.<\/div>\n","protected":false},"excerpt":{"rendered":"<p>Ap\u00f3s ter tido problemas durante o parto, no Hospital e Maternidade Jesus Jos\u00e9 Maria, uma m\u00e3e perdeu o beb\u00ea, de tr\u00eas dias. Os pais da crian\u00e7a, Mateus Gabriel e Bruna Damasceno, afirmaram que houve neglig\u00eancia m\u00e9dica: &#8220;Quebraram o cr\u00e2nio do meu filho no parto&#8221;. O caso aconteceu em Guarulhos, na regi\u00e3o metropolitana de S\u00e3o Paulo.<\/p>\n","protected":false},"author":3,"featured_media":2699,"comment_status":"closed","ping_status":"closed","sticky":false,"template":"","format":"standard","meta":{"_links_to":"","_links_to_target":""},"categories":[2],"tags":[],"_links":{"self":[{"href":"https:\/\/www.correiodascidades.com.br\/v1\/wp-json\/wp\/v2\/posts\/2698"}],"collection":[{"href":"https:\/\/www.correiodascidades.com.br\/v1\/wp-json\/wp\/v2\/posts"}],"about":[{"href":"https:\/\/www.correiodascidades.com.br\/v1\/wp-json\/wp\/v2\/types\/post"}],"author":[{"embeddable":true,"href":"https:\/\/www.correiodascidades.com.br\/v1\/wp-json\/wp\/v2\/users\/3"}],"replies":[{"embeddable":true,"href":"https:\/\/www.correiodascidades.com.br\/v1\/wp-json\/wp\/v2\/comments?post=2698"}],"version-history":[{"count":1,"href":"https:\/\/www.correiodascidades.com.br\/v1\/wp-json\/wp\/v2\/posts\/2698\/revisions"}],"predecessor-version":[{"id":2700,"href":"https:\/\/www.correiodascidades.com.br\/v1\/wp-json\/wp\/v2\/posts\/2698\/revisions\/2700"}],"wp:featuredmedia":[{"embeddable":true,"href":"https:\/\/www.correiodascidades.com.br\/v1\/wp-json\/wp\/v2\/media\/2699"}],"wp:attachment":[{"href":"https:\/\/www.correiodascidades.com.br\/v1\/wp-json\/wp\/v2\/media?parent=2698"}],"wp:term":[{"taxonomy":"category","embeddable":true,"href":"https:\/\/www.correiodascidades.com.br\/v1\/wp-json\/wp\/v2\/categories?post=2698"},{"taxonomy":"post_tag","embeddable":true,"href":"https:\/\/www.correiodascidades.com.br\/v1\/wp-json\/wp\/v2\/tags?post=2698"}],"curies":[{"name":"wp","href":"https:\/\/api.w.org\/{rel}","templated":true}]}}