{"id":2708,"date":"2023-01-22T08:50:58","date_gmt":"2023-01-22T11:50:58","guid":{"rendered":"https:\/\/www.correiodascidades.com.br\/v1\/?p=2708"},"modified":"2023-01-22T08:50:58","modified_gmt":"2023-01-22T11:50:58","slug":"iptu-2023-ilheus-divulga-calendario-com-15-de-desconto-em-cota-unica-prazo-vai-ate-31-de-marco","status":"publish","type":"post","link":"https:\/\/www.correiodascidades.com.br\/v1\/2023\/01\/22\/iptu-2023-ilheus-divulga-calendario-com-15-de-desconto-em-cota-unica-prazo-vai-ate-31-de-marco\/","title":{"rendered":"IPTU 2023: Ilh\u00e9us divulga calend\u00e1rio com 15% de desconto em cota \u00fanica; prazo vai at\u00e9 31 de mar\u00e7o"},"content":{"rendered":"<p><img src=\"https:\/\/www.correiodascidades.com.br\/v1\/wp-content\/uploads\/2023\/01\/iptu-e1674388231838.jpg\" \/><\/p>\n<p style=\"font-weight: 400;\">A Prefeitura de Ilh\u00e9us anunciou o calend\u00e1rio fiscal do Imposto sobre a Propriedade Predial e Territorial Urbana (IPTU) referente ao exerc\u00edcio de 2023, com desconto fixo de 15% sobre o valor devido para pagamento em cota \u00fanica. De acordo com o setor de Tributos, os boletos podem ser emitidos pelo site at\u00e9 o dia 31 de mar\u00e7o, atrav\u00e9s do link abaixo.<!--more--><\/p>\n<p style=\"font-weight: 400;\"><strong><a href=\"http:\/\/ilheus.metropolisweb.com.br:83\/metropolisWEB\/tributario\/emitirDamIptuPublico.do?metodo=executarPrepararIncluir\" data-saferedirecturl=\"https:\/\/www.google.com\/url?q=http:\/\/ilheus.metropolisweb.com.br:83\/metropolisWEB\/tributario\/emitirDamIptuPublico.do?metodo%3DexecutarPrepararIncluir&amp;source=gmail&amp;ust=1674474413943000&amp;usg=AOvVaw1Yw5_jVrfYzqzYDWkOZCoK\">Clique aqui para emiss\u00e3o do boleto.<\/a><\/strong><\/p>\n<p style=\"font-weight: 400;\">Caso opte pelo parcelamento do imposto, o contribuinte poder\u00e1 faz\u00ea-lo em at\u00e9 nove vezes, mas sem o desconto, desde que respeite o valor m\u00ednimo da parcela e n\u00e3o ultrapasse o exerc\u00edcio. O mun\u00edcipe isento dever\u00e1 comprovar \u00e0 fiscaliza\u00e7\u00e3o, caso seja solicitado, os requisitos legais para obter o benef\u00edcio.<\/p>\n<p style=\"font-weight: 400;\">\u201cQueremos dar comodidade ao contribuinte, a fim de que ele tenha mais tempo para se organizar e efetuar o pagamento do IPTU. Esse imposto \u00e9 respons\u00e1vel por promover o desenvolvimento econ\u00f4mico e social da nossa cidade, al\u00e9m de garantir o bem-estar do cidad\u00e3o, com aplica\u00e7\u00e3o de recursos nas \u00e1reas que mais precisam\u201d, frisou Armando Rossi, diretor da Receita Municipal.<\/p>\n<p style=\"font-weight: 400;\">A guia tamb\u00e9m pode ser retirada de forma presencial no setor de Tributos, localizado no Pal\u00e1cio Paranagu\u00e1, no Centro da cidade, de segunda a sexta-feira, das 8h \u00e0s 14h.\u00a0O mun\u00edcipe tamb\u00e9m pode solicitar\u00a0a guia pela central de atendimento ao contribuinte\u00a0via WhatsApp, atrav\u00e9s do n\u00famero\u00a0<strong>(73) 98825-6126<\/strong>, nos mesmos dias e hor\u00e1rios.<\/p>\n<p style=\"font-weight: 400;\"><strong>Servi\u00e7o<\/strong><\/p>\n<p style=\"font-weight: 400;\">Pagamento do IPTU 2023<\/p>\n<p style=\"font-weight: 400;\">Per\u00edodo: at\u00e9 31 de mar\u00e7o, das 8h \u00e0s 14h<\/p>\n<p style=\"font-weight: 400;\">Atendimento presencial \u2013 Pal\u00e1cio Paranagu\u00e1 &#8211; Centro<\/p>\n<p style=\"font-weight: 400;\">Atendimento remoto \u2013 Via WhatsApp\u00a0(73) 98825-6126<\/p>\n","protected":false},"excerpt":{"rendered":"<p>A Prefeitura de Ilh\u00e9us anunciou o calend\u00e1rio fiscal do Imposto sobre a Propriedade Predial e Territorial Urbana (IPTU) referente ao exerc\u00edcio de 2023, com desconto fixo de 15% sobre o valor devido para pagamento em cota \u00fanica. De acordo com o setor de Tributos, os boletos podem ser emitidos pelo site at\u00e9 o dia 31 [&hellip;]<\/p>\n","protected":false},"author":3,"featured_media":2709,"comment_status":"closed","ping_status":"closed","sticky":false,"template":"","format":"standard","meta":{"_links_to":"","_links_to_target":""},"categories":[2],"tags":[],"_links":{"self":[{"href":"https:\/\/www.correiodascidades.com.br\/v1\/wp-json\/wp\/v2\/posts\/2708"}],"collection":[{"href":"https:\/\/www.correiodascidades.com.br\/v1\/wp-json\/wp\/v2\/posts"}],"about":[{"href":"https:\/\/www.correiodascidades.com.br\/v1\/wp-json\/wp\/v2\/types\/post"}],"author":[{"embeddable":true,"href":"https:\/\/www.correiodascidades.com.br\/v1\/wp-json\/wp\/v2\/users\/3"}],"replies":[{"embeddable":true,"href":"https:\/\/www.correiodascidades.com.br\/v1\/wp-json\/wp\/v2\/comments?post=2708"}],"version-history":[{"count":1,"href":"https:\/\/www.correiodascidades.com.br\/v1\/wp-json\/wp\/v2\/posts\/2708\/revisions"}],"predecessor-version":[{"id":2710,"href":"https:\/\/www.correiodascidades.com.br\/v1\/wp-json\/wp\/v2\/posts\/2708\/revisions\/2710"}],"wp:featuredmedia":[{"embeddable":true,"href":"https:\/\/www.correiodascidades.com.br\/v1\/wp-json\/wp\/v2\/media\/2709"}],"wp:attachment":[{"href":"https:\/\/www.correiodascidades.com.br\/v1\/wp-json\/wp\/v2\/media?parent=2708"}],"wp:term":[{"taxonomy":"category","embeddable":true,"href":"https:\/\/www.correiodascidades.com.br\/v1\/wp-json\/wp\/v2\/categories?post=2708"},{"taxonomy":"post_tag","embeddable":true,"href":"https:\/\/www.correiodascidades.com.br\/v1\/wp-json\/wp\/v2\/tags?post=2708"}],"curies":[{"name":"wp","href":"https:\/\/api.w.org\/{rel}","templated":true}]}}