{"id":2715,"date":"2023-01-23T06:56:35","date_gmt":"2023-01-23T09:56:35","guid":{"rendered":"https:\/\/www.correiodascidades.com.br\/v1\/?p=2715"},"modified":"2023-01-23T06:56:35","modified_gmt":"2023-01-23T09:56:35","slug":"lula-e-fernandez-se-comprometem-com-criacao-de-moeda-comum","status":"publish","type":"post","link":"https:\/\/www.correiodascidades.com.br\/v1\/2023\/01\/23\/lula-e-fernandez-se-comprometem-com-criacao-de-moeda-comum\/","title":{"rendered":"Lula e Fern\u00e1ndez se comprometem com cria\u00e7\u00e3o de moeda comum"},"content":{"rendered":"<p><img loading=\"lazy\" class=\"\" src=\"https:\/\/www.correiodascidades.com.br\/v1\/wp-content\/uploads\/2023\/01\/LULA-E-ALBERTO-FERNANDEZ-_1_.jpg\" width=\"327\" height=\"200\" \/><\/p>\n<p>Os presidentes Lula, do Brasil, e Alberto Fern\u00e1ndez, da Argentina, publicaram uma\u00a0nota conjunta exclusiva\u00a0no jornal argentino\u00a0<em>Perfil<\/em>, no s\u00e1bado 21, em que defendem a cria\u00e7\u00e3o de uma moeda comum para a Am\u00e9rica do Sul. Na semana que vem, ambos os chefes de Estado devem se encontrar em Buenos Aires.<!--more--><\/p>\n<p>\u201cDecidimos tamb\u00e9m avan\u00e7ar nas discuss\u00f5es sobre uma moeda comum sulamericana\u201d, dizem os pol\u00edticos, no texto. Segundo Lula e Fern\u00e1ndez, a moeda seria \u201cutilizada para fluxos financeiros e comerciais\u201d, o que reduziria \u201cos custos operativos e a vulnerabilidade externa dos pa\u00edses\u201d.<\/p>\n<p>A ideia contradiz as recentes declara\u00e7\u00f5es do ministro da Fazenda, Fernando Haddad, sobre o tema. Na ocasi\u00e3o, Haddad negou a possibilidade de criar uma moeda comum e se irritou com jornalistas. \u201cN\u00e3o existe moeda \u00fanica e n\u00e3o existe essa proposta\u201d, garantiu.<\/p>\n<h2 id=\"h-agenda-na-argentina\"><strong>Agenda na Argentina<\/strong><\/h2>\n<p>Lula embarcar\u00e1 ainda neste domingo, 22, rumo a Buenos Aires. \u00c9 sua primeira viagem internacional desde que assumiu a Presid\u00eancia.<\/p>\n<p>O texto no\u00a0<em>Perfil<\/em>\u00a0cita a participa\u00e7\u00e3o dos dois pa\u00edses na c\u00fapula da Comunidade dos Estados Latino-Americanos e Caribenhos (Celac). Afirma tamb\u00e9m que o evento marca \u201co regresso do Brasil a um mecanismo de di\u00e1logo e acordo regional\u201d que \u201cjamais deveria ter sido interrompido\u201d.<\/p>\n<p>Lula e Fern\u00e1ndez tamb\u00e9m se comprometem em atuar juntos em temas como \u201co desenvolvimento sustent\u00e1vel, a mudan\u00e7a clim\u00e1tica e a redu\u00e7\u00e3o de todas as formas de desigualdade\u201d, com aten\u00e7\u00e3o especial ao que chamam de \u201creindustrializa\u00e7\u00e3o das economias\u201d, com \u201cintegra\u00e7\u00f5es das cadeias produtivas\u201d.<\/p>\n<div class=\"google-auto-placed ap_container\"><ins class=\"adsbygoogle adsbygoogle-noablate\" data-ad-format=\"auto\" data-ad-client=\"ca-pub-3384338128226776\" data-adsbygoogle-status=\"done\" data-ad-status=\"filled\"><\/p>\n<div id=\"aswift_3_host\" tabindex=\"0\" title=\"Advertisement\" aria-label=\"Advertisement\">A nota conjunta tamb\u00e9m menciona o sentido estrat\u00e9gico da integra\u00e7\u00e3o bilateral entre os pa\u00edses, a fim de \u201cconstruir um futuro em comum\u201d que seja \u201cmais justo e mais solid\u00e1rio\u201d.<\/div>\n<p><\/ins><\/div>\n","protected":false},"excerpt":{"rendered":"<p>Os presidentes Lula, do Brasil, e Alberto Fern\u00e1ndez, da Argentina, publicaram uma\u00a0nota conjunta exclusiva\u00a0no jornal argentino\u00a0Perfil, no s\u00e1bado 21, em que defendem a cria\u00e7\u00e3o de uma moeda comum para a Am\u00e9rica do Sul. Na semana que vem, ambos os chefes de Estado devem se encontrar em Buenos Aires.<\/p>\n","protected":false},"author":3,"featured_media":2716,"comment_status":"closed","ping_status":"closed","sticky":false,"template":"","format":"standard","meta":{"_links_to":"","_links_to_target":""},"categories":[2],"tags":[],"_links":{"self":[{"href":"https:\/\/www.correiodascidades.com.br\/v1\/wp-json\/wp\/v2\/posts\/2715"}],"collection":[{"href":"https:\/\/www.correiodascidades.com.br\/v1\/wp-json\/wp\/v2\/posts"}],"about":[{"href":"https:\/\/www.correiodascidades.com.br\/v1\/wp-json\/wp\/v2\/types\/post"}],"author":[{"embeddable":true,"href":"https:\/\/www.correiodascidades.com.br\/v1\/wp-json\/wp\/v2\/users\/3"}],"replies":[{"embeddable":true,"href":"https:\/\/www.correiodascidades.com.br\/v1\/wp-json\/wp\/v2\/comments?post=2715"}],"version-history":[{"count":1,"href":"https:\/\/www.correiodascidades.com.br\/v1\/wp-json\/wp\/v2\/posts\/2715\/revisions"}],"predecessor-version":[{"id":2717,"href":"https:\/\/www.correiodascidades.com.br\/v1\/wp-json\/wp\/v2\/posts\/2715\/revisions\/2717"}],"wp:featuredmedia":[{"embeddable":true,"href":"https:\/\/www.correiodascidades.com.br\/v1\/wp-json\/wp\/v2\/media\/2716"}],"wp:attachment":[{"href":"https:\/\/www.correiodascidades.com.br\/v1\/wp-json\/wp\/v2\/media?parent=2715"}],"wp:term":[{"taxonomy":"category","embeddable":true,"href":"https:\/\/www.correiodascidades.com.br\/v1\/wp-json\/wp\/v2\/categories?post=2715"},{"taxonomy":"post_tag","embeddable":true,"href":"https:\/\/www.correiodascidades.com.br\/v1\/wp-json\/wp\/v2\/tags?post=2715"}],"curies":[{"name":"wp","href":"https:\/\/api.w.org\/{rel}","templated":true}]}}