{"id":2730,"date":"2023-01-23T07:42:18","date_gmt":"2023-01-23T10:42:18","guid":{"rendered":"https:\/\/www.correiodascidades.com.br\/v1\/?p=2730"},"modified":"2023-01-23T07:42:18","modified_gmt":"2023-01-23T10:42:18","slug":"ficc-anuncia-banda-parangole-como-primeira-atracao-da-lavagem-do-beco-do-fuxico","status":"publish","type":"post","link":"https:\/\/www.correiodascidades.com.br\/v1\/2023\/01\/23\/ficc-anuncia-banda-parangole-como-primeira-atracao-da-lavagem-do-beco-do-fuxico\/","title":{"rendered":"FICC anuncia Banda Parangol\u00e9 como primeira atra\u00e7\u00e3o da Lavagem do Beco do Fuxico"},"content":{"rendered":"<p><img loading=\"lazy\" class=\"\" src=\"https:\/\/www.correiodascidades.com.br\/v1\/wp-content\/uploads\/2023\/01\/Card-Parangole-2.jpeg\" width=\"309\" height=\"203\" \/><\/p>\n<p>A banda baiana de pagode Parangol\u00e9, liderada pelo cantor Tony Salles, \u00e9 a primeira atra\u00e7\u00e3o anunciada na tarde desta sexta-feira, dia 20, pela Funda\u00e7\u00e3o Itabunense de Cultura e Cidadania (FICC) para a 42\u00aa Lavagem do Beco do Fuxico. A\u00a0 festa est\u00e1 programada para os dias 9, 10 e 11 de fevereiro, com o apoio da Prefeitura de Itabuna e do Governo do Estado, por meio da Secretaria de Turismo da Bahia.<!--more--><\/p>\n<p>O presidente da FICC, Aldo Rebou\u00e7as, disse que o tema deste ano ser\u00e1 \u201cMaior Lavagem de todos os tempos\u201d. Segundo ele, neste ano o evento tradicional da cultura grapi\u00fana ser\u00e1 durante tr\u00eas dias para a alegria dos foli\u00f5es que, por conta da pandemia, n\u00e3o tinham a festa h\u00e1 dois anos.\u00a0 Mais atra\u00e7\u00f5es ser\u00e3o anunciadas brevemente.<\/p>\n<p>Ele lembrou que o prefeito Augusto Castro (PSD) declarou a Lavagem do Beco do Fuxico patrim\u00f4nio hist\u00f3rico e cultural, de natureza imaterial do Munic\u00edpio, por meio da Lei Municipal n\u00ba 2.606, publicada\u00a0 em outubro do ano passado, depois de votada pela C\u00e2mara de Vereadores.<\/p>\n<p>Na semana passada, o dirigente da FICC se reuniu com representantes de blocos e agremia\u00e7\u00f5es carnavalescas conjuntamente com o presidente do Conselho Municipal de Pol\u00edticas Culturais de Itabuna, Egnaldo Fran\u00e7a. No encontro, Aldo Rebou\u00e7as destacou o compromisso da gest\u00e3o do prefeito Augusto Castro com a cultura, hist\u00f3ria e as tradi\u00e7\u00f5es da cidade.<\/p>\n<p>Al\u00e9m disso, com objetivo de fomentar a cultura local, a FICC vai levar em considera\u00e7\u00e3o na festa os blocos carnavalescos inscritos no Cadastro de Culturas e Turismo de Itabuna (CADCULTI). \u201cO potencial e tradi\u00e7\u00e3o de cada bloco, ser\u00e1 avaliado atrav\u00e9s da plataforma CADCULTI\u201d, ressalta do presidente da FICC.<\/p>\n<p>A Lavagem do Beco \u00e9 realizada anualmente, antes do Carnaval, no reduto da boemia itabunense a Travessa Adolfo Leite, onde se localiza o bar ABC da Noite, do lend\u00e1rio Caboclo Alencar, botecos em pequenos com\u00e9rcios em substitui\u00e7\u00e3o \u00e0s antigas barbearias e bares.<\/p>\n","protected":false},"excerpt":{"rendered":"<p>A banda baiana de pagode Parangol\u00e9, liderada pelo cantor Tony Salles, \u00e9 a primeira atra\u00e7\u00e3o anunciada na tarde desta sexta-feira, dia 20, pela Funda\u00e7\u00e3o Itabunense de Cultura e Cidadania (FICC) para a 42\u00aa Lavagem do Beco do Fuxico. A\u00a0 festa est\u00e1 programada para os dias 9, 10 e 11 de fevereiro, com o apoio da [&hellip;]<\/p>\n","protected":false},"author":3,"featured_media":2731,"comment_status":"closed","ping_status":"closed","sticky":false,"template":"","format":"standard","meta":{"_links_to":"","_links_to_target":""},"categories":[2],"tags":[],"_links":{"self":[{"href":"https:\/\/www.correiodascidades.com.br\/v1\/wp-json\/wp\/v2\/posts\/2730"}],"collection":[{"href":"https:\/\/www.correiodascidades.com.br\/v1\/wp-json\/wp\/v2\/posts"}],"about":[{"href":"https:\/\/www.correiodascidades.com.br\/v1\/wp-json\/wp\/v2\/types\/post"}],"author":[{"embeddable":true,"href":"https:\/\/www.correiodascidades.com.br\/v1\/wp-json\/wp\/v2\/users\/3"}],"replies":[{"embeddable":true,"href":"https:\/\/www.correiodascidades.com.br\/v1\/wp-json\/wp\/v2\/comments?post=2730"}],"version-history":[{"count":1,"href":"https:\/\/www.correiodascidades.com.br\/v1\/wp-json\/wp\/v2\/posts\/2730\/revisions"}],"predecessor-version":[{"id":2732,"href":"https:\/\/www.correiodascidades.com.br\/v1\/wp-json\/wp\/v2\/posts\/2730\/revisions\/2732"}],"wp:featuredmedia":[{"embeddable":true,"href":"https:\/\/www.correiodascidades.com.br\/v1\/wp-json\/wp\/v2\/media\/2731"}],"wp:attachment":[{"href":"https:\/\/www.correiodascidades.com.br\/v1\/wp-json\/wp\/v2\/media?parent=2730"}],"wp:term":[{"taxonomy":"category","embeddable":true,"href":"https:\/\/www.correiodascidades.com.br\/v1\/wp-json\/wp\/v2\/categories?post=2730"},{"taxonomy":"post_tag","embeddable":true,"href":"https:\/\/www.correiodascidades.com.br\/v1\/wp-json\/wp\/v2\/tags?post=2730"}],"curies":[{"name":"wp","href":"https:\/\/api.w.org\/{rel}","templated":true}]}}