{"id":2737,"date":"2023-01-24T07:23:28","date_gmt":"2023-01-24T10:23:28","guid":{"rendered":"https:\/\/www.correiodascidades.com.br\/v1\/?p=2737"},"modified":"2023-01-24T07:23:28","modified_gmt":"2023-01-24T10:23:28","slug":"stf-concede-liminar-favoravel-a-manutencao-do-fpm-de-municipios-que-censo-indicou-perda-de-populacao","status":"publish","type":"post","link":"https:\/\/www.correiodascidades.com.br\/v1\/2023\/01\/24\/stf-concede-liminar-favoravel-a-manutencao-do-fpm-de-municipios-que-censo-indicou-perda-de-populacao\/","title":{"rendered":"STF concede liminar favor\u00e1vel \u00e0 manuten\u00e7\u00e3o do FPM de munic\u00edpios que censo indicou perda de popula\u00e7\u00e3o"},"content":{"rendered":"<p><img loading=\"lazy\" class=\"\" src=\"https:\/\/www.correiodascidades.com.br\/v1\/wp-content\/uploads\/2023\/01\/AGU-1.jpeg-390x220-1.jpg\" width=\"314\" height=\"177\" \/><\/p>\n<p>O ministro Ricardo Lewandowski, do Supremo Tribunal Federal (STF) determinou nesta segunda-feira (23) que o Tribunal de Contas da Uni\u00e3o (TCU) n\u00e3o utilize os dados populacionais do Censo Demogr\u00e1fico de 2022 para a distribui\u00e7\u00e3o do Fundo de Participa\u00e7\u00e3o dos Munic\u00edpios (FPM). A medida, articulada pela Uni\u00e3o dos Munic\u00edpios da Bahia (UPB), evita que 101 munic\u00edpios baianos e 800 de todo o Brasil percam receita do fundo. O preju\u00edzo nas cidades da Bahia chegaria a R$467 milh\u00f5es ao ano.<!--more--><\/p>\n<p>Lewandowski\u00a0julgou procedente os\u00a0pedidos feitos pela Assembleia Legislativa da Bahia (ALBA) e pelo Partido Comunista do Brasil (PCdoB), que ingressaram no STF com duas Argui\u00e7\u00f5es de Descumprimento de Preceito Fundamental (ADPFs). Nos argumentos do Legislativo baiano e da sigla, com base na Lei Complementar 165\/2019, a decis\u00e3o do TCU em utilizar dados do censo inconclusivo, e ainda em curso, viola os princ\u00edpios da seguran\u00e7a jur\u00eddica, da autonomia municipal, da veda\u00e7\u00e3o ao retrocesso social, do pacto federativo, al\u00e9m de desrespeitar as leis or\u00e7ament\u00e1rias anuais aprovadas em 2022 pelos entes municipais.<\/p>\n","protected":false},"excerpt":{"rendered":"<p>O ministro Ricardo Lewandowski, do Supremo Tribunal Federal (STF) determinou nesta segunda-feira (23) que o Tribunal de Contas da Uni\u00e3o (TCU) n\u00e3o utilize os dados populacionais do Censo Demogr\u00e1fico de 2022 para a distribui\u00e7\u00e3o do Fundo de Participa\u00e7\u00e3o dos Munic\u00edpios (FPM). A medida, articulada pela Uni\u00e3o dos Munic\u00edpios da Bahia (UPB), evita que 101 munic\u00edpios [&hellip;]<\/p>\n","protected":false},"author":3,"featured_media":2738,"comment_status":"closed","ping_status":"closed","sticky":false,"template":"","format":"standard","meta":{"_links_to":"","_links_to_target":""},"categories":[2],"tags":[],"_links":{"self":[{"href":"https:\/\/www.correiodascidades.com.br\/v1\/wp-json\/wp\/v2\/posts\/2737"}],"collection":[{"href":"https:\/\/www.correiodascidades.com.br\/v1\/wp-json\/wp\/v2\/posts"}],"about":[{"href":"https:\/\/www.correiodascidades.com.br\/v1\/wp-json\/wp\/v2\/types\/post"}],"author":[{"embeddable":true,"href":"https:\/\/www.correiodascidades.com.br\/v1\/wp-json\/wp\/v2\/users\/3"}],"replies":[{"embeddable":true,"href":"https:\/\/www.correiodascidades.com.br\/v1\/wp-json\/wp\/v2\/comments?post=2737"}],"version-history":[{"count":1,"href":"https:\/\/www.correiodascidades.com.br\/v1\/wp-json\/wp\/v2\/posts\/2737\/revisions"}],"predecessor-version":[{"id":2739,"href":"https:\/\/www.correiodascidades.com.br\/v1\/wp-json\/wp\/v2\/posts\/2737\/revisions\/2739"}],"wp:featuredmedia":[{"embeddable":true,"href":"https:\/\/www.correiodascidades.com.br\/v1\/wp-json\/wp\/v2\/media\/2738"}],"wp:attachment":[{"href":"https:\/\/www.correiodascidades.com.br\/v1\/wp-json\/wp\/v2\/media?parent=2737"}],"wp:term":[{"taxonomy":"category","embeddable":true,"href":"https:\/\/www.correiodascidades.com.br\/v1\/wp-json\/wp\/v2\/categories?post=2737"},{"taxonomy":"post_tag","embeddable":true,"href":"https:\/\/www.correiodascidades.com.br\/v1\/wp-json\/wp\/v2\/tags?post=2737"}],"curies":[{"name":"wp","href":"https:\/\/api.w.org\/{rel}","templated":true}]}}