{"id":2740,"date":"2023-01-24T07:27:21","date_gmt":"2023-01-24T10:27:21","guid":{"rendered":"https:\/\/www.correiodascidades.com.br\/v1\/?p=2740"},"modified":"2023-01-24T07:54:14","modified_gmt":"2023-01-24T10:54:14","slug":"advogado-e-preso-na-ilha-por-tentativa-de-homicidio-e-racismo-13-horas-atras-corpo-e-encontrado-em-carrinho-de-supermercado-em-salvador-18-horas-atras-carreta-carregada-de-camarao-tomba-na-br-242","status":"publish","type":"post","link":"https:\/\/www.correiodascidades.com.br\/v1\/2023\/01\/24\/advogado-e-preso-na-ilha-por-tentativa-de-homicidio-e-racismo-13-horas-atras-corpo-e-encontrado-em-carrinho-de-supermercado-em-salvador-18-horas-atras-carreta-carregada-de-camarao-tomba-na-br-242\/","title":{"rendered":"BAHIA: Advogado foi preso na Ilha de Itaparica por tentativa de homic\u00eddio e racismo"},"content":{"rendered":"<p><img loading=\"lazy\" class=\"\" src=\"https:\/\/www.correiodascidades.com.br\/v1\/wp-content\/uploads\/2023\/01\/advogado.jpg\" width=\"326\" height=\"184\" \/><\/p>\n<p>Um advogado foi preso em flagrante por policiais da 24\u00aa Delegacia Territorial (DT) de Vera Cruz, com apoio de policiais militares, em um condom\u00ednio, no munic\u00edpio de Vera Cruz, no domingo (22). Ele foi autuado por tentativa de homic\u00eddio, racismo, amea\u00e7a e desacato. <!--more--><\/p>\n<p>Conforme apurado na ocorr\u00eancia, o suspeito efetuou disparos de arma de fogo contra duas pessoas idosas e cometeu ofensas racistas. Al\u00e9m da tentativa de homic\u00eddio, o homem tamb\u00e9m foi autuado por amea\u00e7a e o desacato contra a delegada que estava no local. Conforme o titular da 24\u00aa Delegacia Territorial (DT), de Vera Cruz, Leandro Mascarenhas, os crimes ocorreram por motivo f\u00fatil. \u201cConforme apurado at\u00e9 o momento, o autor costuma se desentender com diversas pessoas, inclusive vizinhos\u201d, explicou.<\/p>\n<p>Ainda de acordo com o delegado, o advogado tem passagens na unidade. \u201cEle tem figurado como autor em ocorr\u00eancias de car\u00e1ter criminal, al\u00e9m de alguns Termos Circunstanciados de Ocorr\u00eancia (TCO), motivados por les\u00f5es corporais, amea\u00e7as e danos\u201d, detalhou. Depois de passar por exames do Departamento de Pol\u00edcia T\u00e9cnica (DPT), o acusado teve a pris\u00e3o em flagrante convertida em preventiva, pelo Poder Judici\u00e1rio.<\/p>\n","protected":false},"excerpt":{"rendered":"<p>Um advogado foi preso em flagrante por policiais da 24\u00aa Delegacia Territorial (DT) de Vera Cruz, com apoio de policiais militares, em um condom\u00ednio, no munic\u00edpio de Vera Cruz, no domingo (22). Ele foi autuado por tentativa de homic\u00eddio, racismo, amea\u00e7a e desacato.<\/p>\n","protected":false},"author":3,"featured_media":2741,"comment_status":"closed","ping_status":"closed","sticky":false,"template":"","format":"standard","meta":{"_links_to":"","_links_to_target":""},"categories":[2],"tags":[],"_links":{"self":[{"href":"https:\/\/www.correiodascidades.com.br\/v1\/wp-json\/wp\/v2\/posts\/2740"}],"collection":[{"href":"https:\/\/www.correiodascidades.com.br\/v1\/wp-json\/wp\/v2\/posts"}],"about":[{"href":"https:\/\/www.correiodascidades.com.br\/v1\/wp-json\/wp\/v2\/types\/post"}],"author":[{"embeddable":true,"href":"https:\/\/www.correiodascidades.com.br\/v1\/wp-json\/wp\/v2\/users\/3"}],"replies":[{"embeddable":true,"href":"https:\/\/www.correiodascidades.com.br\/v1\/wp-json\/wp\/v2\/comments?post=2740"}],"version-history":[{"count":3,"href":"https:\/\/www.correiodascidades.com.br\/v1\/wp-json\/wp\/v2\/posts\/2740\/revisions"}],"predecessor-version":[{"id":2751,"href":"https:\/\/www.correiodascidades.com.br\/v1\/wp-json\/wp\/v2\/posts\/2740\/revisions\/2751"}],"wp:featuredmedia":[{"embeddable":true,"href":"https:\/\/www.correiodascidades.com.br\/v1\/wp-json\/wp\/v2\/media\/2741"}],"wp:attachment":[{"href":"https:\/\/www.correiodascidades.com.br\/v1\/wp-json\/wp\/v2\/media?parent=2740"}],"wp:term":[{"taxonomy":"category","embeddable":true,"href":"https:\/\/www.correiodascidades.com.br\/v1\/wp-json\/wp\/v2\/categories?post=2740"},{"taxonomy":"post_tag","embeddable":true,"href":"https:\/\/www.correiodascidades.com.br\/v1\/wp-json\/wp\/v2\/tags?post=2740"}],"curies":[{"name":"wp","href":"https:\/\/api.w.org\/{rel}","templated":true}]}}