{"id":2752,"date":"2023-01-24T08:13:19","date_gmt":"2023-01-24T11:13:19","guid":{"rendered":"https:\/\/www.correiodascidades.com.br\/v1\/?p=2752"},"modified":"2023-01-24T08:13:19","modified_gmt":"2023-01-24T11:13:19","slug":"homem-finge-que-morreu-e-organiza-velorio-para-saber-quem-iria-ao-funeral","status":"publish","type":"post","link":"https:\/\/www.correiodascidades.com.br\/v1\/2023\/01\/24\/homem-finge-que-morreu-e-organiza-velorio-para-saber-quem-iria-ao-funeral\/","title":{"rendered":"Homem finge que morreu e organiza vel\u00f3rio para saber quem iria ao funeral"},"content":{"rendered":"<div class=\"PostHeaderIcons metadata-icons\"><img loading=\"lazy\" class=\"alignnone size-full wp-image-2753\" src=\"https:\/\/www.correiodascidades.com.br\/v1\/wp-content\/uploads\/2023\/01\/WhatsApp-Image-2023-01-19-at-11-56-00.jpg\" alt=\"\" width=\"305\" height=\"159\" srcset=\"https:\/\/www.correiodascidades.com.br\/v1\/wp-content\/uploads\/2023\/01\/WhatsApp-Image-2023-01-19-at-11-56-00.jpg 305w, https:\/\/www.correiodascidades.com.br\/v1\/wp-content\/uploads\/2023\/01\/WhatsApp-Image-2023-01-19-at-11-56-00-300x156.jpg 300w\" sizes=\"(max-width: 305px) 100vw, 305px\" \/><\/div>\n<div class=\"PostContent\">\n<p>&nbsp;<\/p>\n<p>Um homem forjou a pr\u00f3pria morte e organizou seu funeral na quarta-feira (18) para saber quem iria comparecer ao seu vel\u00f3rio.<\/p>\n<p>O cerimonialista Baltazar Lemos anunciou o seu falecimento e informa\u00e7\u00f5es sobre a \u201ccerimonia de despedida\u201d pelo perfil das suas redes sociais. As informa\u00e7\u00f5es s\u00e3o do portal Metr\u00f3poles.<\/p>\n<\/div>\n<p><!--more--><\/p>\n<div class=\"PostContent\">\n<p>Ap\u00f3s descobrirem que Baltazar estava vivo e que tudo n\u00e3o passou de uma \u201cbrincadeira\u201d, amigos e familiares ficaram revoltados. Ele justificou a atitude dizendo que queria saber quem viria ao seu vel\u00f3rio e que a ideia veio como uma forma de comemorar os seus 60 anos de idade rec\u00e9m-completados. O caso aconteceu em Curitiba, Porto Alegre.<\/p>\n<p>\u201cEstou h\u00e1 cinco meses pensando nisso. Estou comemorando os meus 60 anos. Eu fiz 889 cerim\u00f4nias de despedida nesses \u00faltimos dois anos e em algumas cerim\u00f4nias tinha duas pessoas, em outras haviam 500 pessoas.<\/p>\n<p>Eu queria saber quem \u00e9 que viria na minha. Eu mandei um convite para a minha festa de anivers\u00e1rio no dia 29 de janeiro e 600 pessoas confirmaram, o que elas n\u00e3o sabem \u00e9 que a festa na verdade vai acontecer hoje. 60 anos comemorados em 60 minutos\u201d, explicou Baltazar.<\/p>\n<p>O homem disse ainda que, nas publica\u00e7\u00f5es nas redes sociais, n\u00e3o usou a palavra morte, e sim \u201cdespedida\u201d, e que as pessoas \u00e9 que teriam usado a \u201cimagina\u00e7\u00e3o\u201d.<\/p>\n<p>Um amigo do cerimonialista que compareceu ao vel\u00f3rio disse que passou mal ao receber a not\u00edcia do suposto falecimento do amigo. Outra amiga de Baltazar tamb\u00e9m afirmou que n\u00e3o gostou da brincadeira. \u201cN\u00e3o gostei. Eu passei muito mal, como muitos outros. Tive crise de p\u00e2nico. Brincar com a morte \u00e9 muito s\u00e9rio, ele passou de todos os limites\u201d, reclamou.<\/p>\n<p>Ap\u00f3s descobrirem que Baltazar estava vivo e que tudo n\u00e3o passou de uma \u201cbrincadeira\u201d, amigos e familiares ficaram revoltados.<\/p>\n<\/div>\n","protected":false},"excerpt":{"rendered":"<p>&nbsp; Um homem forjou a pr\u00f3pria morte e organizou seu funeral na quarta-feira (18) para saber quem iria comparecer ao seu vel\u00f3rio. O cerimonialista Baltazar Lemos anunciou o seu falecimento e informa\u00e7\u00f5es sobre a \u201ccerimonia de despedida\u201d pelo perfil das suas redes sociais. As informa\u00e7\u00f5es s\u00e3o do portal Metr\u00f3poles.<\/p>\n","protected":false},"author":3,"featured_media":2753,"comment_status":"closed","ping_status":"closed","sticky":false,"template":"","format":"standard","meta":{"_links_to":"","_links_to_target":""},"categories":[1],"tags":[],"_links":{"self":[{"href":"https:\/\/www.correiodascidades.com.br\/v1\/wp-json\/wp\/v2\/posts\/2752"}],"collection":[{"href":"https:\/\/www.correiodascidades.com.br\/v1\/wp-json\/wp\/v2\/posts"}],"about":[{"href":"https:\/\/www.correiodascidades.com.br\/v1\/wp-json\/wp\/v2\/types\/post"}],"author":[{"embeddable":true,"href":"https:\/\/www.correiodascidades.com.br\/v1\/wp-json\/wp\/v2\/users\/3"}],"replies":[{"embeddable":true,"href":"https:\/\/www.correiodascidades.com.br\/v1\/wp-json\/wp\/v2\/comments?post=2752"}],"version-history":[{"count":1,"href":"https:\/\/www.correiodascidades.com.br\/v1\/wp-json\/wp\/v2\/posts\/2752\/revisions"}],"predecessor-version":[{"id":2754,"href":"https:\/\/www.correiodascidades.com.br\/v1\/wp-json\/wp\/v2\/posts\/2752\/revisions\/2754"}],"wp:featuredmedia":[{"embeddable":true,"href":"https:\/\/www.correiodascidades.com.br\/v1\/wp-json\/wp\/v2\/media\/2753"}],"wp:attachment":[{"href":"https:\/\/www.correiodascidades.com.br\/v1\/wp-json\/wp\/v2\/media?parent=2752"}],"wp:term":[{"taxonomy":"category","embeddable":true,"href":"https:\/\/www.correiodascidades.com.br\/v1\/wp-json\/wp\/v2\/categories?post=2752"},{"taxonomy":"post_tag","embeddable":true,"href":"https:\/\/www.correiodascidades.com.br\/v1\/wp-json\/wp\/v2\/tags?post=2752"}],"curies":[{"name":"wp","href":"https:\/\/api.w.org\/{rel}","templated":true}]}}