{"id":2756,"date":"2023-01-25T07:16:06","date_gmt":"2023-01-25T10:16:06","guid":{"rendered":"https:\/\/www.correiodascidades.com.br\/v1\/?p=2756"},"modified":"2023-01-25T07:16:22","modified_gmt":"2023-01-25T10:16:22","slug":"a-dor-e-o-remedio-que-cura-o-espirito-e-a-alma","status":"publish","type":"post","link":"https:\/\/www.correiodascidades.com.br\/v1\/2023\/01\/25\/a-dor-e-o-remedio-que-cura-o-espirito-e-a-alma\/","title":{"rendered":"A dor \u00e9 o rem\u00e9dio que cura o esp\u00edrito e a alma"},"content":{"rendered":"<p><img loading=\"lazy\" class=\"alignnone size-full wp-image-2757\" src=\"https:\/\/www.correiodascidades.com.br\/v1\/wp-content\/uploads\/2023\/01\/IMG-20230125-WA0003.jpg\" alt=\"\" width=\"639\" height=\"422\" srcset=\"https:\/\/www.correiodascidades.com.br\/v1\/wp-content\/uploads\/2023\/01\/IMG-20230125-WA0003.jpg 639w, https:\/\/www.correiodascidades.com.br\/v1\/wp-content\/uploads\/2023\/01\/IMG-20230125-WA0003-300x198.jpg 300w, https:\/\/www.correiodascidades.com.br\/v1\/wp-content\/uploads\/2023\/01\/IMG-20230125-WA0003-600x396.jpg 600w\" sizes=\"(max-width: 639px) 100vw, 639px\" \/><\/p>\n<p>Arnold Coelho*<\/p>\n<p>\u00c9 engra\u00e7ado iniciar um texto com um t\u00edtulo fazendo apologia \u00e0 dor. O ser humano ainda n\u00e3o entendeu o sentido da dor. Geralmente encaramos a dor como um \u2018castigo divino\u2019 ou o pagamento por algo de errado que fizemos nessa ou em outras vidas &#8211; a depender da religi\u00e3o ou doutrina que voc\u00ea segue.<!--more--><\/p>\n<p>De acordo com a Associa\u00e7\u00e3o Internacional para o Estudo da Dor (IASP), a dor \u00e9 uma experi\u00eancia sensorial e emocional desagrad\u00e1vel, associada a um dano tecidual real ou potencial, e pode ser aguda ou cr\u00f4nica.<\/p>\n<p>Eu, dentro da minha ignor\u00e2ncia intelectual, vejo a dor como o rem\u00e9dio para curar o esp\u00edrito e a alma. A dor te mostra (de uma forma crua) o quanto voc\u00ea \u00e9 insignificante, pequeno e incapaz de dominar o seu pr\u00f3prio corpo. Ela chega, te esmaga, te coloca no seu verdadeiro lugar e te mostra que voc\u00ea n\u00e3o \u00e9 melhor que ningu\u00e9m, que n\u00e3o viver\u00e1 para sempre e que tudo nessa vida \u00e9 passageiro.<\/p>\n<p>Por outro lado, a dor pode te deixar um ser humano melhor. Pode abrir os teus olhos para um mundo doente que precisa de ajuda. Essa experi\u00eancia sensorial e emocional desagrad\u00e1vel, que todo ser humano tem com uma certa frequ\u00eancia, pode te arrancar a arrog\u00e2ncia, a prepot\u00eancia, a soberba, a gan\u00e2ncia e te despertar o amor ao pr\u00f3ximo, a busca por uma vida saud\u00e1vel e a comunh\u00e3o com Deus e o seu semelhante.<\/p>\n<p>Semana passada eu sofri um pequeno acidente dom\u00e9stico e me lesionei, o que tem me causado dores frequentes no quadril, pr\u00f3ximo a lombar. Os primeiros dois dias foram terr\u00edveis, mas gra\u00e7as a Deus (\u00e9 importante deixar claro que digo Deus, pois sou Crist\u00e3o), com rem\u00e9dio, sess\u00f5es de gelo, alimento e descanso, eu melhorei (t\u00f4 quase bom).<\/p>\n<p>Os dias de dores me mostraram que somos fr\u00e1geis e sem prazo de validade, que estamos nesse planeta passando uma \u2018chuva\u2019 e em algum momento vamos sentir uma \u00faltima dor e partir, deixando apenas lembran\u00e7as e a\u00e7\u00f5es boas ou ruins. Por isso, saiba aprender com a dor e se torne uma pessoa melhor aos olhos do seu Criador.<\/p>\n<p>Um ser humano fr\u00e1gil e que sente dor<\/p>\n<p>Arnold Coelho &#8211; Jornalista e designer gr\u00e1fico<\/p>\n","protected":false},"excerpt":{"rendered":"<p>Arnold Coelho* \u00c9 engra\u00e7ado iniciar um texto com um t\u00edtulo fazendo apologia \u00e0 dor. O ser humano ainda n\u00e3o entendeu o sentido da dor. Geralmente encaramos a dor como um \u2018castigo divino\u2019 ou o pagamento por algo de errado que fizemos nessa ou em outras vidas &#8211; a depender da religi\u00e3o ou doutrina que voc\u00ea [&hellip;]<\/p>\n","protected":false},"author":3,"featured_media":2757,"comment_status":"closed","ping_status":"closed","sticky":false,"template":"","format":"standard","meta":{"_links_to":"","_links_to_target":""},"categories":[41],"tags":[],"_links":{"self":[{"href":"https:\/\/www.correiodascidades.com.br\/v1\/wp-json\/wp\/v2\/posts\/2756"}],"collection":[{"href":"https:\/\/www.correiodascidades.com.br\/v1\/wp-json\/wp\/v2\/posts"}],"about":[{"href":"https:\/\/www.correiodascidades.com.br\/v1\/wp-json\/wp\/v2\/types\/post"}],"author":[{"embeddable":true,"href":"https:\/\/www.correiodascidades.com.br\/v1\/wp-json\/wp\/v2\/users\/3"}],"replies":[{"embeddable":true,"href":"https:\/\/www.correiodascidades.com.br\/v1\/wp-json\/wp\/v2\/comments?post=2756"}],"version-history":[{"count":1,"href":"https:\/\/www.correiodascidades.com.br\/v1\/wp-json\/wp\/v2\/posts\/2756\/revisions"}],"predecessor-version":[{"id":2758,"href":"https:\/\/www.correiodascidades.com.br\/v1\/wp-json\/wp\/v2\/posts\/2756\/revisions\/2758"}],"wp:featuredmedia":[{"embeddable":true,"href":"https:\/\/www.correiodascidades.com.br\/v1\/wp-json\/wp\/v2\/media\/2757"}],"wp:attachment":[{"href":"https:\/\/www.correiodascidades.com.br\/v1\/wp-json\/wp\/v2\/media?parent=2756"}],"wp:term":[{"taxonomy":"category","embeddable":true,"href":"https:\/\/www.correiodascidades.com.br\/v1\/wp-json\/wp\/v2\/categories?post=2756"},{"taxonomy":"post_tag","embeddable":true,"href":"https:\/\/www.correiodascidades.com.br\/v1\/wp-json\/wp\/v2\/tags?post=2756"}],"curies":[{"name":"wp","href":"https:\/\/api.w.org\/{rel}","templated":true}]}}