{"id":2759,"date":"2023-01-25T07:45:26","date_gmt":"2023-01-25T10:45:26","guid":{"rendered":"https:\/\/www.correiodascidades.com.br\/v1\/?p=2759"},"modified":"2023-01-25T07:45:26","modified_gmt":"2023-01-25T10:45:26","slug":"helicoptero-sai-de-itabuna-e-cai-em-itacare","status":"publish","type":"post","link":"https:\/\/www.correiodascidades.com.br\/v1\/2023\/01\/25\/helicoptero-sai-de-itabuna-e-cai-em-itacare\/","title":{"rendered":"Helic\u00f3ptero sai de Itabuna e cai em Itacar\u00e9"},"content":{"rendered":"<div><\/div>\n<div><img loading=\"lazy\" class=\"\" src=\"https:\/\/www.correiodascidades.com.br\/v1\/wp-content\/uploads\/2023\/01\/whatsapp-image-2023-01-24-at-20.44.48.jpg\" width=\"325\" height=\"148\" \/><\/div>\n<div>Um helic\u00f3ptero caiu na zona rural de Itacar\u00e9, no sul da Bahia. O acidente aconteceu no domingo (22), mas a pol\u00edcia conseguiu encontrar e isolar o local na ter\u00e7a-feira (24). Duas pessoas estavam na aeronave, mas n\u00e3o ficaram feridas.<\/div>\n<p><!--more--><\/p>\n<p>Segundo a Pol\u00edcia Civil da cidade, o helic\u00f3ptero caiu em uma propriedade particular, que fica em uma \u00e1rea de dif\u00edcil acesso, na zona rural do munic\u00edpio. O helic\u00f3ptero teria sa\u00eddo de Itabuna, cidade que tamb\u00e9m fica no sul da Bahia, com destino a Mara\u00fa, outro munic\u00edpio da mesma regi\u00e3o.<\/p>\n<p>O Servi\u00e7o Regional de Investiga\u00e7\u00e3o e Preven\u00e7\u00e3o de Acidentes Aeron\u00e1uticos (Seripa) come\u00e7ou a investigar a queda da aeronave. Equipes do grupo devem ir ao local ainda nesta semana para come\u00e7ar as investiga\u00e7\u00f5es.<\/p>\n","protected":false},"excerpt":{"rendered":"<p>Um helic\u00f3ptero caiu na zona rural de Itacar\u00e9, no sul da Bahia. O acidente aconteceu no domingo (22), mas a pol\u00edcia conseguiu encontrar e isolar o local na ter\u00e7a-feira (24). Duas pessoas estavam na aeronave, mas n\u00e3o ficaram feridas.<\/p>\n","protected":false},"author":3,"featured_media":2760,"comment_status":"closed","ping_status":"closed","sticky":false,"template":"","format":"standard","meta":{"_links_to":"","_links_to_target":""},"categories":[2],"tags":[],"_links":{"self":[{"href":"https:\/\/www.correiodascidades.com.br\/v1\/wp-json\/wp\/v2\/posts\/2759"}],"collection":[{"href":"https:\/\/www.correiodascidades.com.br\/v1\/wp-json\/wp\/v2\/posts"}],"about":[{"href":"https:\/\/www.correiodascidades.com.br\/v1\/wp-json\/wp\/v2\/types\/post"}],"author":[{"embeddable":true,"href":"https:\/\/www.correiodascidades.com.br\/v1\/wp-json\/wp\/v2\/users\/3"}],"replies":[{"embeddable":true,"href":"https:\/\/www.correiodascidades.com.br\/v1\/wp-json\/wp\/v2\/comments?post=2759"}],"version-history":[{"count":1,"href":"https:\/\/www.correiodascidades.com.br\/v1\/wp-json\/wp\/v2\/posts\/2759\/revisions"}],"predecessor-version":[{"id":2761,"href":"https:\/\/www.correiodascidades.com.br\/v1\/wp-json\/wp\/v2\/posts\/2759\/revisions\/2761"}],"wp:featuredmedia":[{"embeddable":true,"href":"https:\/\/www.correiodascidades.com.br\/v1\/wp-json\/wp\/v2\/media\/2760"}],"wp:attachment":[{"href":"https:\/\/www.correiodascidades.com.br\/v1\/wp-json\/wp\/v2\/media?parent=2759"}],"wp:term":[{"taxonomy":"category","embeddable":true,"href":"https:\/\/www.correiodascidades.com.br\/v1\/wp-json\/wp\/v2\/categories?post=2759"},{"taxonomy":"post_tag","embeddable":true,"href":"https:\/\/www.correiodascidades.com.br\/v1\/wp-json\/wp\/v2\/tags?post=2759"}],"curies":[{"name":"wp","href":"https:\/\/api.w.org\/{rel}","templated":true}]}}