{"id":2762,"date":"2023-01-25T07:48:57","date_gmt":"2023-01-25T10:48:57","guid":{"rendered":"https:\/\/www.correiodascidades.com.br\/v1\/?p=2762"},"modified":"2023-01-25T07:48:57","modified_gmt":"2023-01-25T10:48:57","slug":"3-corpos-sao-encontrados-amarrados-em-itabuna","status":"publish","type":"post","link":"https:\/\/www.correiodascidades.com.br\/v1\/2023\/01\/25\/3-corpos-sao-encontrados-amarrados-em-itabuna\/","title":{"rendered":"3 corpos s\u00e3o encontrados amarrados em Itabuna"},"content":{"rendered":"<p><img loading=\"lazy\" class=\"\" src=\"https:\/\/www.correiodascidades.com.br\/v1\/wp-content\/uploads\/2023\/01\/pericia-iml-765x470-1.jpg\" width=\"337\" height=\"207\" \/><\/p>\n<p>Tr\u00eas homens foram encontrados mortos num estrada vicinal, na regi\u00e3o dos Mutuns, em Itabuna, no sul da Bahia, na manh\u00e3 desta quarta-feira (25).<!--more--><\/p>\n<p>Segundo o Blog do Rodrigo Ferraz, eles estavam com as m\u00e3o amarradas.<\/p>\n<p>No meio, estava mais um homem que se fingiu de morto, e conseguiu despistar os criminosos, ele socorrido e levado para um hospital da regi\u00e3o.<\/p>\n<p>Uma motocicleta foi encontrada carbonizada nas proximidades. O Departamento de Pol\u00edcia T\u00e9cnica foi acionado.<\/p>\n<p>A Pol\u00edcia Civil investiga autoria e motiva\u00e7\u00e3o dos crimes.<\/p>\n","protected":false},"excerpt":{"rendered":"<p>Tr\u00eas homens foram encontrados mortos num estrada vicinal, na regi\u00e3o dos Mutuns, em Itabuna, no sul da Bahia, na manh\u00e3 desta quarta-feira (25).<\/p>\n","protected":false},"author":3,"featured_media":2763,"comment_status":"closed","ping_status":"closed","sticky":false,"template":"","format":"standard","meta":{"_links_to":"","_links_to_target":""},"categories":[2],"tags":[],"_links":{"self":[{"href":"https:\/\/www.correiodascidades.com.br\/v1\/wp-json\/wp\/v2\/posts\/2762"}],"collection":[{"href":"https:\/\/www.correiodascidades.com.br\/v1\/wp-json\/wp\/v2\/posts"}],"about":[{"href":"https:\/\/www.correiodascidades.com.br\/v1\/wp-json\/wp\/v2\/types\/post"}],"author":[{"embeddable":true,"href":"https:\/\/www.correiodascidades.com.br\/v1\/wp-json\/wp\/v2\/users\/3"}],"replies":[{"embeddable":true,"href":"https:\/\/www.correiodascidades.com.br\/v1\/wp-json\/wp\/v2\/comments?post=2762"}],"version-history":[{"count":1,"href":"https:\/\/www.correiodascidades.com.br\/v1\/wp-json\/wp\/v2\/posts\/2762\/revisions"}],"predecessor-version":[{"id":2764,"href":"https:\/\/www.correiodascidades.com.br\/v1\/wp-json\/wp\/v2\/posts\/2762\/revisions\/2764"}],"wp:featuredmedia":[{"embeddable":true,"href":"https:\/\/www.correiodascidades.com.br\/v1\/wp-json\/wp\/v2\/media\/2763"}],"wp:attachment":[{"href":"https:\/\/www.correiodascidades.com.br\/v1\/wp-json\/wp\/v2\/media?parent=2762"}],"wp:term":[{"taxonomy":"category","embeddable":true,"href":"https:\/\/www.correiodascidades.com.br\/v1\/wp-json\/wp\/v2\/categories?post=2762"},{"taxonomy":"post_tag","embeddable":true,"href":"https:\/\/www.correiodascidades.com.br\/v1\/wp-json\/wp\/v2\/tags?post=2762"}],"curies":[{"name":"wp","href":"https:\/\/api.w.org\/{rel}","templated":true}]}}