{"id":2765,"date":"2023-01-25T08:02:09","date_gmt":"2023-01-25T11:02:09","guid":{"rendered":"https:\/\/www.correiodascidades.com.br\/v1\/?p=2765"},"modified":"2023-01-25T08:02:09","modified_gmt":"2023-01-25T11:02:09","slug":"prefeito-vistoria-obra-do-canal-do-malhado-e-destaca-importancia-do-investimento-para-ilheus","status":"publish","type":"post","link":"https:\/\/www.correiodascidades.com.br\/v1\/2023\/01\/25\/prefeito-vistoria-obra-do-canal-do-malhado-e-destaca-importancia-do-investimento-para-ilheus\/","title":{"rendered":"Prefeito vistoria obra do Canal do Malhado e destaca import\u00e2ncia do investimento para Ilh\u00e9us"},"content":{"rendered":"<p><img loading=\"lazy\" class=\"\" src=\"https:\/\/www.correiodascidades.com.br\/v1\/wp-content\/uploads\/2023\/01\/canaldomalhado-1.jpg\" width=\"338\" height=\"225\" \/><\/p>\n<p>Acompanhado de vereadores e equipe t\u00e9cnica, o prefeito M\u00e1rio Alexandre conferiu nesta sexta-feira (20) o andamento da segunda etapa do fechamento do Canal do Malhado, obra realizada pelo Governo do Estado, em parceria com a Prefeitura de Ilh\u00e9us. O servi\u00e7o integra o pacote de projetos estruturantes e visa garantir seguran\u00e7a, conforto e bem-estar \u00e0 popula\u00e7\u00e3o.<!--more--><\/p>\n<p>O gestor destacou a import\u00e2ncia do investimento, avaliado em aproximadamente R$ 12 milh\u00f5es, para toda Central de Abastecimento e entorno, assegurando aos comerciantes um novo espa\u00e7o de conviv\u00eancia comunit\u00e1ria.<\/p>\n<p>\u201cSonhos antigos que a gente torna realidade. Com o apoio do nosso governador Jer\u00f4nimo Rodrigues, n\u00f3s estamos dando continuidade a essa obra iniciada na gest\u00e3o do nosso querido Rui Costa. E vamos continuar trabalhando para honrar o compromisso com o nosso povo\u201d.<\/p>\n<p>Os investimentos p\u00fablicos s\u00e3o necess\u00e1rios para movimentar a economia e impulsionar o processo de retomada econ\u00f4mica do munic\u00edpio. Conforme a Secretaria de Infraestrutura e Defesa Civil (Seinfra), respons\u00e1vel por fiscalizar a obra, nesta etapa os servi\u00e7os consistem na instala\u00e7\u00e3o de estaca prancha, ensacamento para desvio de fluxo do canal, limpeza e execu\u00e7\u00e3o da base de matac\u00e3o.<\/p>\n<p style=\"font-weight: 400;\">&#8230;<\/p>\n","protected":false},"excerpt":{"rendered":"<p>Acompanhado de vereadores e equipe t\u00e9cnica, o prefeito M\u00e1rio Alexandre conferiu nesta sexta-feira (20) o andamento da segunda etapa do fechamento do Canal do Malhado, obra realizada pelo Governo do Estado, em parceria com a Prefeitura de Ilh\u00e9us. O servi\u00e7o integra o pacote de projetos estruturantes e visa garantir seguran\u00e7a, conforto e bem-estar \u00e0 popula\u00e7\u00e3o.<\/p>\n","protected":false},"author":3,"featured_media":2768,"comment_status":"closed","ping_status":"closed","sticky":false,"template":"","format":"standard","meta":{"_links_to":"","_links_to_target":""},"categories":[2],"tags":[],"_links":{"self":[{"href":"https:\/\/www.correiodascidades.com.br\/v1\/wp-json\/wp\/v2\/posts\/2765"}],"collection":[{"href":"https:\/\/www.correiodascidades.com.br\/v1\/wp-json\/wp\/v2\/posts"}],"about":[{"href":"https:\/\/www.correiodascidades.com.br\/v1\/wp-json\/wp\/v2\/types\/post"}],"author":[{"embeddable":true,"href":"https:\/\/www.correiodascidades.com.br\/v1\/wp-json\/wp\/v2\/users\/3"}],"replies":[{"embeddable":true,"href":"https:\/\/www.correiodascidades.com.br\/v1\/wp-json\/wp\/v2\/comments?post=2765"}],"version-history":[{"count":1,"href":"https:\/\/www.correiodascidades.com.br\/v1\/wp-json\/wp\/v2\/posts\/2765\/revisions"}],"predecessor-version":[{"id":2769,"href":"https:\/\/www.correiodascidades.com.br\/v1\/wp-json\/wp\/v2\/posts\/2765\/revisions\/2769"}],"wp:featuredmedia":[{"embeddable":true,"href":"https:\/\/www.correiodascidades.com.br\/v1\/wp-json\/wp\/v2\/media\/2768"}],"wp:attachment":[{"href":"https:\/\/www.correiodascidades.com.br\/v1\/wp-json\/wp\/v2\/media?parent=2765"}],"wp:term":[{"taxonomy":"category","embeddable":true,"href":"https:\/\/www.correiodascidades.com.br\/v1\/wp-json\/wp\/v2\/categories?post=2765"},{"taxonomy":"post_tag","embeddable":true,"href":"https:\/\/www.correiodascidades.com.br\/v1\/wp-json\/wp\/v2\/tags?post=2765"}],"curies":[{"name":"wp","href":"https:\/\/api.w.org\/{rel}","templated":true}]}}