{"id":2770,"date":"2023-01-25T08:07:22","date_gmt":"2023-01-25T11:07:22","guid":{"rendered":"https:\/\/www.correiodascidades.com.br\/v1\/?p=2770"},"modified":"2023-01-25T08:07:22","modified_gmt":"2023-01-25T11:07:22","slug":"corpo-aparece-boiando-no-mar-da-gamboa-morro-de-sao-paulo-bahia","status":"publish","type":"post","link":"https:\/\/www.correiodascidades.com.br\/v1\/2023\/01\/25\/corpo-aparece-boiando-no-mar-da-gamboa-morro-de-sao-paulo-bahia\/","title":{"rendered":"Corpo aparece boiando no mar da Gamboa  Morro de S\u00e3o Paulo Bahia,"},"content":{"rendered":"<p><img loading=\"lazy\" class=\"\" src=\"https:\/\/www.correiodascidades.com.br\/v1\/wp-content\/uploads\/2023\/01\/Screenshot_20230124-215025_Samsung-Internet.jpg\" width=\"314\" height=\"203\" \/><\/p>\n<p>Um corpo apareceu boiando no mar de Gamboa no distrito de S\u00e3o Paulo, Cairu, na tarde desta ter\u00e7a-feira (24). A identidade da v\u00edtima ainda n\u00e3o foi confirmada.<!--more--><\/p>\n<p>Um homem esta desaparecido na regi\u00e3o, desde domingo. O corpo foi encaminhado para o Departamento de Pol\u00edcia T\u00e9cnica, em\u00a0<a href=\"https:\/\/midiabahia.com.br\/mulher-e-morta-a-tiros-em-valenca\/\">Valen\u00e7a<\/a>.<\/p>\n","protected":false},"excerpt":{"rendered":"<p>Um corpo apareceu boiando no mar de Gamboa no distrito de S\u00e3o Paulo, Cairu, na tarde desta ter\u00e7a-feira (24). A identidade da v\u00edtima ainda n\u00e3o foi confirmada.<\/p>\n","protected":false},"author":3,"featured_media":2771,"comment_status":"closed","ping_status":"closed","sticky":false,"template":"","format":"standard","meta":{"_links_to":"","_links_to_target":""},"categories":[2],"tags":[],"_links":{"self":[{"href":"https:\/\/www.correiodascidades.com.br\/v1\/wp-json\/wp\/v2\/posts\/2770"}],"collection":[{"href":"https:\/\/www.correiodascidades.com.br\/v1\/wp-json\/wp\/v2\/posts"}],"about":[{"href":"https:\/\/www.correiodascidades.com.br\/v1\/wp-json\/wp\/v2\/types\/post"}],"author":[{"embeddable":true,"href":"https:\/\/www.correiodascidades.com.br\/v1\/wp-json\/wp\/v2\/users\/3"}],"replies":[{"embeddable":true,"href":"https:\/\/www.correiodascidades.com.br\/v1\/wp-json\/wp\/v2\/comments?post=2770"}],"version-history":[{"count":1,"href":"https:\/\/www.correiodascidades.com.br\/v1\/wp-json\/wp\/v2\/posts\/2770\/revisions"}],"predecessor-version":[{"id":2772,"href":"https:\/\/www.correiodascidades.com.br\/v1\/wp-json\/wp\/v2\/posts\/2770\/revisions\/2772"}],"wp:featuredmedia":[{"embeddable":true,"href":"https:\/\/www.correiodascidades.com.br\/v1\/wp-json\/wp\/v2\/media\/2771"}],"wp:attachment":[{"href":"https:\/\/www.correiodascidades.com.br\/v1\/wp-json\/wp\/v2\/media?parent=2770"}],"wp:term":[{"taxonomy":"category","embeddable":true,"href":"https:\/\/www.correiodascidades.com.br\/v1\/wp-json\/wp\/v2\/categories?post=2770"},{"taxonomy":"post_tag","embeddable":true,"href":"https:\/\/www.correiodascidades.com.br\/v1\/wp-json\/wp\/v2\/tags?post=2770"}],"curies":[{"name":"wp","href":"https:\/\/api.w.org\/{rel}","templated":true}]}}