{"id":2774,"date":"2023-01-25T21:43:21","date_gmt":"2023-01-26T00:43:21","guid":{"rendered":"https:\/\/www.correiodascidades.com.br\/v1\/?p=2774"},"modified":"2023-01-25T21:43:40","modified_gmt":"2023-01-26T00:43:40","slug":"claudio-magalhaes-participa-de-reuniao-na-sutran-para-discutir-melhorias-no-transporte-coletivo-de-estudantes-da-uesc","status":"publish","type":"post","link":"https:\/\/www.correiodascidades.com.br\/v1\/2023\/01\/25\/claudio-magalhaes-participa-de-reuniao-na-sutran-para-discutir-melhorias-no-transporte-coletivo-de-estudantes-da-uesc\/","title":{"rendered":"Cl\u00e1udio Magalh\u00e3es participa de reuni\u00e3o na Sutran para discutir melhorias no transporte coletivo de estudantes da UESC"},"content":{"rendered":"<div id=\"attachment_2775\" style=\"width: 814px\" class=\"wp-caption alignnone\"><img aria-describedby=\"caption-attachment-2775\" loading=\"lazy\" class=\"wp-image-2775 size-full\" src=\"https:\/\/www.correiodascidades.com.br\/v1\/wp-content\/uploads\/2023\/01\/IMG-20230125-WA0100.jpg\" alt=\"\" width=\"804\" height=\"426\" srcset=\"https:\/\/www.correiodascidades.com.br\/v1\/wp-content\/uploads\/2023\/01\/IMG-20230125-WA0100.jpg 804w, https:\/\/www.correiodascidades.com.br\/v1\/wp-content\/uploads\/2023\/01\/IMG-20230125-WA0100-300x159.jpg 300w, https:\/\/www.correiodascidades.com.br\/v1\/wp-content\/uploads\/2023\/01\/IMG-20230125-WA0100-600x318.jpg 600w, https:\/\/www.correiodascidades.com.br\/v1\/wp-content\/uploads\/2023\/01\/IMG-20230125-WA0100-768x407.jpg 768w\" sizes=\"(max-width: 804px) 100vw, 804px\" \/><p id=\"caption-attachment-2775\" class=\"wp-caption-text\">Foto: Divulga\u00e7\u00e3o<\/p><\/div>\n<p>Acompanhado por Adalberto Santana, Itamar Moreira e Pedro Jorge, representantes do movimento estudantil Ubuntu, o vereador Cl\u00e1udio Magalh\u00e3es participou de uma reuni\u00e3o com o diretor da Autarquia de Transporte e Tr\u00e2nsito de Ilh\u00e9us, Valci Serpa, na manh\u00e3 desta quarta-feira (25), na sede da institui\u00e7\u00e3o.<!--more--><\/p>\n<p>No encontro, foram apresentadas demandas dos alunos da UESC para aplica\u00e7\u00e3o de pr\u00e1ticas que melhorem o uso do servi\u00e7o de transporte p\u00fablico. \u201cEstamos aqui para refor\u00e7ar as reivindica\u00e7\u00f5es justas do movimento estudantil para dar mais praticidade na recarga de cr\u00e9ditos das passagens e a reativa\u00e7\u00e3o de linhas para estudantes da zona rural\u201d, destacou Cl\u00e1udio Magalh\u00e3es.<\/p>\n<p>Integrantes do Ubuntu entregaram um of\u00edcio a Valci Serpa, com o pedido de abertura do di\u00e1logo para atendimento \u00e0s demandas apresentadas, como retorno dos \u00f4nibus noturnos na zona rural de Ilh\u00e9us, considerando os problemas de acesso ao transporte, e a instala\u00e7\u00e3o de pontos de recarga em lugares estrat\u00e9gicos, diante da necessidade de deslocamento tanto para recarga quanto para atualiza\u00e7\u00e3o e desbloqueio semestral da carteirinha estudantil, gerando mais custos e poss\u00edveis transtornos para os estudantes.<\/p>\n<p>Especificamente, a solicita\u00e7\u00e3o pede: a reativa\u00e7\u00e3o dos pontos de recarga da carteirinha estudantil na Zona Norte (Meira do Sav\u00f3ia) e (Meira da Feira), na Zona Oeste (Meira do Vilela); na Zona Sul (Meira Zona Sul e Meira da Barreira) e na UESC. Tamb\u00e9m pede o planejamento e apresenta\u00e7\u00e3o de um calend\u00e1rio, com o dia espec\u00edfico da semana para cada unidade de recarga ofertar venda de cr\u00e9ditos para compra de passagens, pelo menos tr\u00eas vezes no m\u00eas para cada ponto instalado.<\/p>\n<p>O documento apresentado ainda pede que, no in\u00edcio de cada semestre, no primeiro dia letivo, tenha um ponto para o desbloqueio e atualiza\u00e7\u00e3o cadastral das carteirinhas estudantis na pr\u00f3pria UESC, com o objetivo de diminuir transtornos aos estudantes<\/p>\n<p>Fonte: A Bronca<\/p>\n","protected":false},"excerpt":{"rendered":"<p>Acompanhado por Adalberto Santana, Itamar Moreira e Pedro Jorge, representantes do movimento estudantil Ubuntu, o vereador Cl\u00e1udio Magalh\u00e3es participou de uma reuni\u00e3o com o diretor da Autarquia de Transporte e Tr\u00e2nsito de Ilh\u00e9us, Valci Serpa, na manh\u00e3 desta quarta-feira (25), na sede da institui\u00e7\u00e3o.<\/p>\n","protected":false},"author":3,"featured_media":2775,"comment_status":"closed","ping_status":"closed","sticky":false,"template":"","format":"standard","meta":{"_links_to":"","_links_to_target":""},"categories":[10],"tags":[],"_links":{"self":[{"href":"https:\/\/www.correiodascidades.com.br\/v1\/wp-json\/wp\/v2\/posts\/2774"}],"collection":[{"href":"https:\/\/www.correiodascidades.com.br\/v1\/wp-json\/wp\/v2\/posts"}],"about":[{"href":"https:\/\/www.correiodascidades.com.br\/v1\/wp-json\/wp\/v2\/types\/post"}],"author":[{"embeddable":true,"href":"https:\/\/www.correiodascidades.com.br\/v1\/wp-json\/wp\/v2\/users\/3"}],"replies":[{"embeddable":true,"href":"https:\/\/www.correiodascidades.com.br\/v1\/wp-json\/wp\/v2\/comments?post=2774"}],"version-history":[{"count":1,"href":"https:\/\/www.correiodascidades.com.br\/v1\/wp-json\/wp\/v2\/posts\/2774\/revisions"}],"predecessor-version":[{"id":2778,"href":"https:\/\/www.correiodascidades.com.br\/v1\/wp-json\/wp\/v2\/posts\/2774\/revisions\/2778"}],"wp:featuredmedia":[{"embeddable":true,"href":"https:\/\/www.correiodascidades.com.br\/v1\/wp-json\/wp\/v2\/media\/2775"}],"wp:attachment":[{"href":"https:\/\/www.correiodascidades.com.br\/v1\/wp-json\/wp\/v2\/media?parent=2774"}],"wp:term":[{"taxonomy":"category","embeddable":true,"href":"https:\/\/www.correiodascidades.com.br\/v1\/wp-json\/wp\/v2\/categories?post=2774"},{"taxonomy":"post_tag","embeddable":true,"href":"https:\/\/www.correiodascidades.com.br\/v1\/wp-json\/wp\/v2\/tags?post=2774"}],"curies":[{"name":"wp","href":"https:\/\/api.w.org\/{rel}","templated":true}]}}