{"id":2782,"date":"2023-01-26T03:22:27","date_gmt":"2023-01-26T06:22:27","guid":{"rendered":"https:\/\/www.correiodascidades.com.br\/v1\/?p=2782"},"modified":"2023-01-26T03:22:27","modified_gmt":"2023-01-26T06:22:27","slug":"ministro-das-comunicacoes-cobra-melhorias-nos-servicos-4g-e-5g-em-todo-o-pais","status":"publish","type":"post","link":"https:\/\/www.correiodascidades.com.br\/v1\/2023\/01\/26\/ministro-das-comunicacoes-cobra-melhorias-nos-servicos-4g-e-5g-em-todo-o-pais\/","title":{"rendered":"Ministro das Comunica\u00e7\u00f5es cobra melhorias nos servi\u00e7os 4G e 5G em todo o Pa\u00eds"},"content":{"rendered":"<p><img loading=\"lazy\" class=\"\" src=\"https:\/\/www.correiodascidades.com.br\/v1\/wp-content\/uploads\/2023\/01\/ANTENA-TELEFONIA-CELULAR-1.jpg\" width=\"311\" height=\"162\" \/><\/p>\n<p>Nesta quarta-feira (25), o ministro das Comunica\u00e7\u00f5es, Juscelino Filho, recebeu representantes da Conexis Brasil Digital e das operadoras de telecomunica\u00e7\u00f5es Telef\u00f4nica Vivo, Oi, Tim, Algar, Claro e Sercomtel. O Minist\u00e9rio das Comunica\u00e7\u00f5es (MCom) tem acompanhado a implanta\u00e7\u00e3o do 5G em todo o pa\u00eds, um servi\u00e7o que vem sendo executado pelas empresas vencedoras do Leil\u00e3o do 5G, com o aval da Ag\u00eancia Nacional de Telecomunica\u00e7\u00f5es (Anatel).<!--more--><br \/>\nO ministro informou que a Pasta e a Anatel t\u00eam recebido reclama\u00e7\u00f5es de usu\u00e1rios a respeito do funcionamento do 4G, em decorr\u00eancia da chegada da quinta gera\u00e7\u00e3o de dados m\u00f3veis. \u201cQuando a gente ouve que a qualidade do 5G est\u00e1 sendo questionada, temos o argumento de que \u00e9 uma coisa nova que est\u00e1 sendo implantada. Mas, quando voc\u00ea come\u00e7a a ter reclama\u00e7\u00e3o de que o 4G, que era bom, ficou ruim, a\u00ed \u00e9 dif\u00edcil de explicar\u201d, relatou o ministro das Comunica\u00e7\u00f5es.<\/p>\n","protected":false},"excerpt":{"rendered":"<p>Nesta quarta-feira (25), o ministro das Comunica\u00e7\u00f5es, Juscelino Filho, recebeu representantes da Conexis Brasil Digital e das operadoras de telecomunica\u00e7\u00f5es Telef\u00f4nica Vivo, Oi, Tim, Algar, Claro e Sercomtel. O Minist\u00e9rio das Comunica\u00e7\u00f5es (MCom) tem acompanhado a implanta\u00e7\u00e3o do 5G em todo o pa\u00eds, um servi\u00e7o que vem sendo executado pelas empresas vencedoras do Leil\u00e3o do [&hellip;]<\/p>\n","protected":false},"author":3,"featured_media":2783,"comment_status":"closed","ping_status":"closed","sticky":false,"template":"","format":"standard","meta":{"_links_to":"","_links_to_target":""},"categories":[2],"tags":[],"_links":{"self":[{"href":"https:\/\/www.correiodascidades.com.br\/v1\/wp-json\/wp\/v2\/posts\/2782"}],"collection":[{"href":"https:\/\/www.correiodascidades.com.br\/v1\/wp-json\/wp\/v2\/posts"}],"about":[{"href":"https:\/\/www.correiodascidades.com.br\/v1\/wp-json\/wp\/v2\/types\/post"}],"author":[{"embeddable":true,"href":"https:\/\/www.correiodascidades.com.br\/v1\/wp-json\/wp\/v2\/users\/3"}],"replies":[{"embeddable":true,"href":"https:\/\/www.correiodascidades.com.br\/v1\/wp-json\/wp\/v2\/comments?post=2782"}],"version-history":[{"count":1,"href":"https:\/\/www.correiodascidades.com.br\/v1\/wp-json\/wp\/v2\/posts\/2782\/revisions"}],"predecessor-version":[{"id":2784,"href":"https:\/\/www.correiodascidades.com.br\/v1\/wp-json\/wp\/v2\/posts\/2782\/revisions\/2784"}],"wp:featuredmedia":[{"embeddable":true,"href":"https:\/\/www.correiodascidades.com.br\/v1\/wp-json\/wp\/v2\/media\/2783"}],"wp:attachment":[{"href":"https:\/\/www.correiodascidades.com.br\/v1\/wp-json\/wp\/v2\/media?parent=2782"}],"wp:term":[{"taxonomy":"category","embeddable":true,"href":"https:\/\/www.correiodascidades.com.br\/v1\/wp-json\/wp\/v2\/categories?post=2782"},{"taxonomy":"post_tag","embeddable":true,"href":"https:\/\/www.correiodascidades.com.br\/v1\/wp-json\/wp\/v2\/tags?post=2782"}],"curies":[{"name":"wp","href":"https:\/\/api.w.org\/{rel}","templated":true}]}}