{"id":2802,"date":"2023-01-26T06:59:43","date_gmt":"2023-01-26T09:59:43","guid":{"rendered":"https:\/\/www.correiodascidades.com.br\/v1\/?p=2802"},"modified":"2023-01-26T06:59:43","modified_gmt":"2023-01-26T09:59:43","slug":"governador-afirma-que-tca-sera-recuperado-com-maxima-brevidade","status":"publish","type":"post","link":"https:\/\/www.correiodascidades.com.br\/v1\/2023\/01\/26\/governador-afirma-que-tca-sera-recuperado-com-maxima-brevidade\/","title":{"rendered":"Governador afirma que TCA ser\u00e1 recuperado com m\u00e1xima brevidade"},"content":{"rendered":"<p><img loading=\"lazy\" class=\"\" src=\"https:\/\/www.correiodascidades.com.br\/v1\/wp-content\/uploads\/2023\/01\/transferir-castro-alves.jpeg\" width=\"334\" height=\"334\" \/><\/p>\n<p>Ap\u00f3s o inc\u00eandio que atingiu a parte superior do Teatro Castro Alves (TCA), em Salvador, no in\u00edcio da tarde desta quarta-feira (25), o governador Jer\u00f4nimo Rodrigues determinou trabalho conjunto de diferentes \u00f3rg\u00e3os estaduais e garantiu a recupera\u00e7\u00e3o do TCA com &#8220;m\u00e1xima brevidade&#8221;.\u00a0 <img loading=\"lazy\" class=\"alignnone  wp-image-2804\" src=\"https:\/\/www.correiodascidades.com.br\/v1\/wp-content\/uploads\/2023\/01\/images-_1_-geronmimo.jpeg\" alt=\"\" width=\"377\" height=\"251\" \/><\/p>\n<p>&#8220;Sigo acompanhando de perto a atua\u00e7\u00e3o das for\u00e7as estaduais, principalmente do Corpo de Bombeiros. O TCA \u00e9 um patrim\u00f4nio cultural do nosso estado e determinei que o Corpo de Bombeiros, secretarias de Cultura, Turismo e Casa Civil do Estado, junto com a dire\u00e7\u00e3o do equipamento, trabalhem de forma conjunta e \u00e1gil para avaliar os danos causados pelo inc\u00eandio e para recuperar com m\u00e1xima brevidade as estruturas danificadas. Da forma mais r\u00e1pida e segura, o teatro ser\u00e1 reaberto para seguir fortalecendo a nossa agenda cultural&#8221;, afirmou Jer\u00f4nimo.<\/p>\n","protected":false},"excerpt":{"rendered":"<p>Ap\u00f3s o inc\u00eandio que atingiu a parte superior do Teatro Castro Alves (TCA), em Salvador, no in\u00edcio da tarde desta quarta-feira (25), o governador Jer\u00f4nimo Rodrigues determinou trabalho conjunto de diferentes \u00f3rg\u00e3os estaduais e garantiu a recupera\u00e7\u00e3o do TCA com &#8220;m\u00e1xima brevidade&#8221;.\u00a0 &#8220;Sigo acompanhando de perto a atua\u00e7\u00e3o das for\u00e7as estaduais, principalmente do Corpo de [&hellip;]<\/p>\n","protected":false},"author":3,"featured_media":2803,"comment_status":"closed","ping_status":"closed","sticky":false,"template":"","format":"standard","meta":{"_links_to":"","_links_to_target":""},"categories":[2],"tags":[],"_links":{"self":[{"href":"https:\/\/www.correiodascidades.com.br\/v1\/wp-json\/wp\/v2\/posts\/2802"}],"collection":[{"href":"https:\/\/www.correiodascidades.com.br\/v1\/wp-json\/wp\/v2\/posts"}],"about":[{"href":"https:\/\/www.correiodascidades.com.br\/v1\/wp-json\/wp\/v2\/types\/post"}],"author":[{"embeddable":true,"href":"https:\/\/www.correiodascidades.com.br\/v1\/wp-json\/wp\/v2\/users\/3"}],"replies":[{"embeddable":true,"href":"https:\/\/www.correiodascidades.com.br\/v1\/wp-json\/wp\/v2\/comments?post=2802"}],"version-history":[{"count":1,"href":"https:\/\/www.correiodascidades.com.br\/v1\/wp-json\/wp\/v2\/posts\/2802\/revisions"}],"predecessor-version":[{"id":2805,"href":"https:\/\/www.correiodascidades.com.br\/v1\/wp-json\/wp\/v2\/posts\/2802\/revisions\/2805"}],"wp:featuredmedia":[{"embeddable":true,"href":"https:\/\/www.correiodascidades.com.br\/v1\/wp-json\/wp\/v2\/media\/2803"}],"wp:attachment":[{"href":"https:\/\/www.correiodascidades.com.br\/v1\/wp-json\/wp\/v2\/media?parent=2802"}],"wp:term":[{"taxonomy":"category","embeddable":true,"href":"https:\/\/www.correiodascidades.com.br\/v1\/wp-json\/wp\/v2\/categories?post=2802"},{"taxonomy":"post_tag","embeddable":true,"href":"https:\/\/www.correiodascidades.com.br\/v1\/wp-json\/wp\/v2\/tags?post=2802"}],"curies":[{"name":"wp","href":"https:\/\/api.w.org\/{rel}","templated":true}]}}