{"id":2806,"date":"2023-01-26T13:18:21","date_gmt":"2023-01-26T16:18:21","guid":{"rendered":"https:\/\/www.correiodascidades.com.br\/v1\/?p=2806"},"modified":"2023-01-26T13:18:21","modified_gmt":"2023-01-26T16:18:21","slug":"ex-vereador-makrisi-flagra-testes-rapidos-de-covid-19-vencidos-num-predio-da-sesau-ilheus","status":"publish","type":"post","link":"https:\/\/www.correiodascidades.com.br\/v1\/2023\/01\/26\/ex-vereador-makrisi-flagra-testes-rapidos-de-covid-19-vencidos-num-predio-da-sesau-ilheus\/","title":{"rendered":"Ex-vereador Makrisi flagra testes r\u00e1pidos de Covid-19 vencidos num pr\u00e9dio da Sesau-Ilh\u00e9us"},"content":{"rendered":"<p><img loading=\"lazy\" class=\"\" src=\"https:\/\/www.correiodascidades.com.br\/v1\/wp-content\/uploads\/2023\/01\/download-7.jpg-macrise.jpg\" width=\"330\" height=\"230\" \/><\/p>\n<p>Em entrevista ao Radialista Luke Rei na tarde desta quinta feira (26), Macrise disse que na manh\u00e3 desta quinta-feira flagrou, num pr\u00e9dio da Secretaria de Sa\u00fade de Ilh\u00e9us, o armazenamento de caixas com testes para Covid-19.<!--more--><\/p>\n<p>Segundo ele, existe mais de 150 exames, sem uso, os teste ultrapassaram a data de validade do m\u00eas de setembro de 2022<\/p>\n<p>O O corrido se confundi \u00a0no momento em que a Bahia registra taxa de crescimento dos casos da doen\u00e7a, com 580 pessoas infectadas e mais 3 \u00f3bitos, nas \u00faltimas 24h.<\/p>\n<p>Cuja a cidade de Ilh\u00e9us os n\u00fameros crescem a cada dia. Ele lamentou o fato e disse iria alertar o conselho de sa\u00fade para de fato poderem tomar as provid\u00eancias necess\u00e1rias.<\/p>\n","protected":false},"excerpt":{"rendered":"<p>Em entrevista ao Radialista Luke Rei na tarde desta quinta feira (26), Macrise disse que na manh\u00e3 desta quinta-feira flagrou, num pr\u00e9dio da Secretaria de Sa\u00fade de Ilh\u00e9us, o armazenamento de caixas com testes para Covid-19.<\/p>\n","protected":false},"author":3,"featured_media":2807,"comment_status":"closed","ping_status":"closed","sticky":false,"template":"","format":"standard","meta":{"_links_to":"","_links_to_target":""},"categories":[2],"tags":[],"_links":{"self":[{"href":"https:\/\/www.correiodascidades.com.br\/v1\/wp-json\/wp\/v2\/posts\/2806"}],"collection":[{"href":"https:\/\/www.correiodascidades.com.br\/v1\/wp-json\/wp\/v2\/posts"}],"about":[{"href":"https:\/\/www.correiodascidades.com.br\/v1\/wp-json\/wp\/v2\/types\/post"}],"author":[{"embeddable":true,"href":"https:\/\/www.correiodascidades.com.br\/v1\/wp-json\/wp\/v2\/users\/3"}],"replies":[{"embeddable":true,"href":"https:\/\/www.correiodascidades.com.br\/v1\/wp-json\/wp\/v2\/comments?post=2806"}],"version-history":[{"count":1,"href":"https:\/\/www.correiodascidades.com.br\/v1\/wp-json\/wp\/v2\/posts\/2806\/revisions"}],"predecessor-version":[{"id":2808,"href":"https:\/\/www.correiodascidades.com.br\/v1\/wp-json\/wp\/v2\/posts\/2806\/revisions\/2808"}],"wp:featuredmedia":[{"embeddable":true,"href":"https:\/\/www.correiodascidades.com.br\/v1\/wp-json\/wp\/v2\/media\/2807"}],"wp:attachment":[{"href":"https:\/\/www.correiodascidades.com.br\/v1\/wp-json\/wp\/v2\/media?parent=2806"}],"wp:term":[{"taxonomy":"category","embeddable":true,"href":"https:\/\/www.correiodascidades.com.br\/v1\/wp-json\/wp\/v2\/categories?post=2806"},{"taxonomy":"post_tag","embeddable":true,"href":"https:\/\/www.correiodascidades.com.br\/v1\/wp-json\/wp\/v2\/tags?post=2806"}],"curies":[{"name":"wp","href":"https:\/\/api.w.org\/{rel}","templated":true}]}}