{"id":2809,"date":"2023-01-26T18:57:53","date_gmt":"2023-01-26T21:57:53","guid":{"rendered":"https:\/\/www.correiodascidades.com.br\/v1\/?p=2809"},"modified":"2023-01-26T18:57:53","modified_gmt":"2023-01-26T21:57:53","slug":"duas-pessoas-ficam-feridas-apos-dois-carros-baterem-em-ubata","status":"publish","type":"post","link":"https:\/\/www.correiodascidades.com.br\/v1\/2023\/01\/26\/duas-pessoas-ficam-feridas-apos-dois-carros-baterem-em-ubata\/","title":{"rendered":"Duas pessoas ficam feridas ap\u00f3s dois carros baterem em Ubat\u00e3"},"content":{"rendered":"<p><img loading=\"lazy\" class=\"\" src=\"https:\/\/www.correiodascidades.com.br\/v1\/wp-content\/uploads\/2023\/01\/a-17-780x470-1.jpeg\" width=\"352\" height=\"212\" \/><\/p>\n<p>Dois carros, um gol e um \u00f4nix, bateram na tarde desta quinta-feira (26), na BR-330\u00a0na altura da entrada do Barreiro, em Ubat\u00e3.<!--more--><\/p>\n<p>Segundo a Pol\u00edcia Militar, uma das v\u00edtimas n\u00e3o possui\u00a0<a href=\"https:\/\/midiabahia.com.br\/carteira-de-habilitacao-eletronica-e-aprovada-por-conselho-nacional-de-transito\/\">Carteira Nacional de Habilita\u00e7\u00e3o<\/a>.<\/p>\n<p>As duas pessoas que estavam no \u00f4nix ficaram feridas, elas foram socorridas pelo Servi\u00e7o de Atendimento M\u00f3vel de Urg\u00eancia, sendo levadas para um hospital da regi\u00e3o. A condutora do outro carro nada sofreu.<\/p>\n<p>A Pol\u00edcia Rodovi\u00e1ria Federal foi acionada para registro da ocorr\u00eancia.<\/p>\n","protected":false},"excerpt":{"rendered":"<p>Dois carros, um gol e um \u00f4nix, bateram na tarde desta quinta-feira (26), na BR-330\u00a0na altura da entrada do Barreiro, em Ubat\u00e3.<\/p>\n","protected":false},"author":3,"featured_media":2810,"comment_status":"closed","ping_status":"closed","sticky":false,"template":"","format":"standard","meta":{"_links_to":"","_links_to_target":""},"categories":[2],"tags":[],"_links":{"self":[{"href":"https:\/\/www.correiodascidades.com.br\/v1\/wp-json\/wp\/v2\/posts\/2809"}],"collection":[{"href":"https:\/\/www.correiodascidades.com.br\/v1\/wp-json\/wp\/v2\/posts"}],"about":[{"href":"https:\/\/www.correiodascidades.com.br\/v1\/wp-json\/wp\/v2\/types\/post"}],"author":[{"embeddable":true,"href":"https:\/\/www.correiodascidades.com.br\/v1\/wp-json\/wp\/v2\/users\/3"}],"replies":[{"embeddable":true,"href":"https:\/\/www.correiodascidades.com.br\/v1\/wp-json\/wp\/v2\/comments?post=2809"}],"version-history":[{"count":1,"href":"https:\/\/www.correiodascidades.com.br\/v1\/wp-json\/wp\/v2\/posts\/2809\/revisions"}],"predecessor-version":[{"id":2811,"href":"https:\/\/www.correiodascidades.com.br\/v1\/wp-json\/wp\/v2\/posts\/2809\/revisions\/2811"}],"wp:featuredmedia":[{"embeddable":true,"href":"https:\/\/www.correiodascidades.com.br\/v1\/wp-json\/wp\/v2\/media\/2810"}],"wp:attachment":[{"href":"https:\/\/www.correiodascidades.com.br\/v1\/wp-json\/wp\/v2\/media?parent=2809"}],"wp:term":[{"taxonomy":"category","embeddable":true,"href":"https:\/\/www.correiodascidades.com.br\/v1\/wp-json\/wp\/v2\/categories?post=2809"},{"taxonomy":"post_tag","embeddable":true,"href":"https:\/\/www.correiodascidades.com.br\/v1\/wp-json\/wp\/v2\/tags?post=2809"}],"curies":[{"name":"wp","href":"https:\/\/api.w.org\/{rel}","templated":true}]}}