{"id":2812,"date":"2023-01-27T01:12:29","date_gmt":"2023-01-27T04:12:29","guid":{"rendered":"https:\/\/www.correiodascidades.com.br\/v1\/?p=2812"},"modified":"2023-01-27T10:21:36","modified_gmt":"2023-01-27T13:21:36","slug":"bahia-de-feira-x-barcelona-de-ilheus-em-patam-em-zero-a-zero","status":"publish","type":"post","link":"https:\/\/www.correiodascidades.com.br\/v1\/2023\/01\/27\/bahia-de-feira-x-barcelona-de-ilheus-em-patam-em-zero-a-zero\/","title":{"rendered":"Bahia de Feira x Barcelona de Ilh\u00e9us empatam em zero a zero."},"content":{"rendered":"<p><img loading=\"lazy\" class=\"\" src=\"https:\/\/www.correiodascidades.com.br\/v1\/wp-content\/uploads\/2023\/01\/Sem-nome-1920-%C3%97-1080-px-58.png.jpeg\" width=\"324\" height=\"182\" \/><\/p>\n<p>Sem muitas novidades em campo no sentido de cria\u00e7\u00e3o e constru\u00e7\u00f5es de jogadas, as duas equipes pouco a presentaram para suas torcidas.<!--more--><\/p>\n<p>A aproximadamente cerca de oitocentas pessoas foram at\u00e9 o est\u00e1dio Arena cajueiro na cidade de Feira de Santana para assistirem o representante da casa e o Barcelona de Ilh\u00e9us.<\/p>\n<p>O jogo pouco empolgante por\u00e9m corrido, as duas equipes precisando pontuar na competi\u00e7\u00e3o, o representante da princesinha do Sul sabia que uma derrota representaria a luz da lanterna da competi\u00e7\u00e3o clareando o rosto em formato de bola, isso posto o triunfo do vit\u00f3ria para o doce mel.<\/p>\n<p>Com o vit\u00f3ria pontuando tr\u00eas clubes perdendo estavam na zona; Barcelona, Doce Mel, e o pr\u00f3prio Vit\u00f3ria. Com o empate, o Barcelona chegou a cinco pontos na competi\u00e7\u00e3o, est\u00e1 na sexta posi\u00e7\u00e3o e agora enfrenta o Doce Mel que \u00e9 um dos lanternas.<\/p>\n<p>O jogo ser\u00e1 na cidade de Ilh\u00e9us domingo \u00e1s 18h.<\/p>\n<p>&nbsp;<\/p>\n","protected":false},"excerpt":{"rendered":"<p>Sem muitas novidades em campo no sentido de cria\u00e7\u00e3o e constru\u00e7\u00f5es de jogadas, as duas equipes pouco a presentaram para suas torcidas.<\/p>\n","protected":false},"author":3,"featured_media":2813,"comment_status":"closed","ping_status":"closed","sticky":false,"template":"","format":"standard","meta":{"_links_to":"","_links_to_target":""},"categories":[3],"tags":[],"_links":{"self":[{"href":"https:\/\/www.correiodascidades.com.br\/v1\/wp-json\/wp\/v2\/posts\/2812"}],"collection":[{"href":"https:\/\/www.correiodascidades.com.br\/v1\/wp-json\/wp\/v2\/posts"}],"about":[{"href":"https:\/\/www.correiodascidades.com.br\/v1\/wp-json\/wp\/v2\/types\/post"}],"author":[{"embeddable":true,"href":"https:\/\/www.correiodascidades.com.br\/v1\/wp-json\/wp\/v2\/users\/3"}],"replies":[{"embeddable":true,"href":"https:\/\/www.correiodascidades.com.br\/v1\/wp-json\/wp\/v2\/comments?post=2812"}],"version-history":[{"count":5,"href":"https:\/\/www.correiodascidades.com.br\/v1\/wp-json\/wp\/v2\/posts\/2812\/revisions"}],"predecessor-version":[{"id":2819,"href":"https:\/\/www.correiodascidades.com.br\/v1\/wp-json\/wp\/v2\/posts\/2812\/revisions\/2819"}],"wp:featuredmedia":[{"embeddable":true,"href":"https:\/\/www.correiodascidades.com.br\/v1\/wp-json\/wp\/v2\/media\/2813"}],"wp:attachment":[{"href":"https:\/\/www.correiodascidades.com.br\/v1\/wp-json\/wp\/v2\/media?parent=2812"}],"wp:term":[{"taxonomy":"category","embeddable":true,"href":"https:\/\/www.correiodascidades.com.br\/v1\/wp-json\/wp\/v2\/categories?post=2812"},{"taxonomy":"post_tag","embeddable":true,"href":"https:\/\/www.correiodascidades.com.br\/v1\/wp-json\/wp\/v2\/tags?post=2812"}],"curies":[{"name":"wp","href":"https:\/\/api.w.org\/{rel}","templated":true}]}}