{"id":2820,"date":"2023-01-28T12:39:15","date_gmt":"2023-01-28T15:39:15","guid":{"rendered":"https:\/\/www.correiodascidades.com.br\/v1\/?p=2820"},"modified":"2023-01-28T12:39:15","modified_gmt":"2023-01-28T15:39:15","slug":"menina-de-10-anos-cai-do-3o-andar-de-predio-em-simoes-filho","status":"publish","type":"post","link":"https:\/\/www.correiodascidades.com.br\/v1\/2023\/01\/28\/menina-de-10-anos-cai-do-3o-andar-de-predio-em-simoes-filho\/","title":{"rendered":"Menina de 10 anos cai do 3\u00ba andar de pr\u00e9dio em Sim\u00f5es Filho"},"content":{"rendered":"<p><img loading=\"lazy\" class=\"\" src=\"https:\/\/www.correiodascidades.com.br\/v1\/wp-content\/uploads\/2023\/01\/menina-que-caiu-de-predio-em-simoes-filho-1.jpg\" width=\"318\" height=\"147\" \/><\/p>\n<p>Uma crian\u00e7a de dez anos caiu do terceiro andar de um pr\u00e9dio, no munic\u00edpio de\u00a0<a href=\"https:\/\/midiabahia.com.br\/baiana-de-simoes-filho-e-finalista-do-the-voice-brasil\/\">Sim\u00f5es Filho<\/a>, na noite desta sexta-feira (27), no momento do socorro, ela estava consciente e n\u00e3o sofreu fraturas expostas. <!--more--><\/p>\n<p>A jovem foi levada pelo Servi\u00e7o de Atendimento M\u00f3vel de Urg\u00eancia, para o hospital do munic\u00edpio, onde ela passou por exames.<\/p>\n<p>Um varal amorteceu a queda, evitando uma trag\u00e9dia maior, dizem populares. Aos pais, ela contou que teria se desequilibrado e ca\u00eddo.<\/p>\n<p>A Pol\u00edcia Civil acompanha o caso.<\/p>\n","protected":false},"excerpt":{"rendered":"<p>Uma crian\u00e7a de dez anos caiu do terceiro andar de um pr\u00e9dio, no munic\u00edpio de\u00a0Sim\u00f5es Filho, na noite desta sexta-feira (27), no momento do socorro, ela estava consciente e n\u00e3o sofreu fraturas expostas.<\/p>\n","protected":false},"author":3,"featured_media":2821,"comment_status":"closed","ping_status":"closed","sticky":false,"template":"","format":"standard","meta":{"_links_to":"","_links_to_target":""},"categories":[2],"tags":[],"_links":{"self":[{"href":"https:\/\/www.correiodascidades.com.br\/v1\/wp-json\/wp\/v2\/posts\/2820"}],"collection":[{"href":"https:\/\/www.correiodascidades.com.br\/v1\/wp-json\/wp\/v2\/posts"}],"about":[{"href":"https:\/\/www.correiodascidades.com.br\/v1\/wp-json\/wp\/v2\/types\/post"}],"author":[{"embeddable":true,"href":"https:\/\/www.correiodascidades.com.br\/v1\/wp-json\/wp\/v2\/users\/3"}],"replies":[{"embeddable":true,"href":"https:\/\/www.correiodascidades.com.br\/v1\/wp-json\/wp\/v2\/comments?post=2820"}],"version-history":[{"count":1,"href":"https:\/\/www.correiodascidades.com.br\/v1\/wp-json\/wp\/v2\/posts\/2820\/revisions"}],"predecessor-version":[{"id":2822,"href":"https:\/\/www.correiodascidades.com.br\/v1\/wp-json\/wp\/v2\/posts\/2820\/revisions\/2822"}],"wp:featuredmedia":[{"embeddable":true,"href":"https:\/\/www.correiodascidades.com.br\/v1\/wp-json\/wp\/v2\/media\/2821"}],"wp:attachment":[{"href":"https:\/\/www.correiodascidades.com.br\/v1\/wp-json\/wp\/v2\/media?parent=2820"}],"wp:term":[{"taxonomy":"category","embeddable":true,"href":"https:\/\/www.correiodascidades.com.br\/v1\/wp-json\/wp\/v2\/categories?post=2820"},{"taxonomy":"post_tag","embeddable":true,"href":"https:\/\/www.correiodascidades.com.br\/v1\/wp-json\/wp\/v2\/tags?post=2820"}],"curies":[{"name":"wp","href":"https:\/\/api.w.org\/{rel}","templated":true}]}}