{"id":2826,"date":"2023-01-28T12:44:42","date_gmt":"2023-01-28T15:44:42","guid":{"rendered":"https:\/\/www.correiodascidades.com.br\/v1\/?p=2826"},"modified":"2023-01-28T12:44:42","modified_gmt":"2023-01-28T15:44:42","slug":"ministerio-da-saude-aprova-plano-para-reducao-de-filas-de-cirurgias-e-atendimentos-especializados","status":"publish","type":"post","link":"https:\/\/www.correiodascidades.com.br\/v1\/2023\/01\/28\/ministerio-da-saude-aprova-plano-para-reducao-de-filas-de-cirurgias-e-atendimentos-especializados\/","title":{"rendered":"Minist\u00e9rio da Sa\u00fade aprova plano para redu\u00e7\u00e3o de filas de cirurgias e atendimentos especializados"},"content":{"rendered":"<p><img loading=\"lazy\" class=\"\" src=\"https:\/\/www.correiodascidades.com.br\/v1\/wp-content\/uploads\/2023\/01\/unnamed-10-780x470-1.jpg\" width=\"314\" height=\"189\" \/><\/p>\n<p>Minist\u00e9rio da Sa\u00fade, Conselho Nacional de Secret\u00e1rios de Sa\u00fade (Conass) e Conselho Nacional de Secretarias Municipais de Sa\u00fade (Conasems) pactuaram, nesta quinta-feira (26), na primeira reuni\u00e3o ordin\u00e1ria da Comiss\u00e3o Intergestores Tripartite (CTI) de 2023, <!--more-->o Programa Nacional de Redu\u00e7\u00e3o das Filas de Cirurgias Eletivas, Exames Complementares e Consultas Especializadas. Prioridade desde os debates da equipe de transi\u00e7\u00e3o do governo federal, o problema ser\u00e1 enfrentado em articula\u00e7\u00e3o direta com os entes federativos, a come\u00e7ar pela publica\u00e7\u00e3o de uma portaria instituindo o programa, prevista para os pr\u00f3ximos dias. De acordo com o secret\u00e1rio de Aten\u00e7\u00e3o Especializada \u00e0 Sa\u00fade (SAES), Helv\u00e9cio Magalh\u00e3es, est\u00e3o previstos R\uff04 600 milh\u00f5es para execu\u00e7\u00e3o do programa, gra\u00e7as ao recurso garantido pela aprova\u00e7\u00e3o da PEC da transi\u00e7\u00e3o.<br \/>\nO que n\u00f3s estamos debatendo com estados e munic\u00edpios \u00e9 um programa para combater problemas diferenciados e, pela nossa experi\u00eancia, j\u00e1 que o SUS faz mutir\u00e3o h\u00e1 mais de 20 anos, vamos come\u00e7ar pelas cirurgias, at\u00e9 porque, h\u00e1 in\u00fameras experi\u00eancias de gest\u00e3o de tecnologias nesse sentido. Ao mesmo tempo, vamos discutir, de maneira tripartite, como construir mudan\u00e7as mais estruturantes. Para isso, precisamos conhecer essa fila de procedimentos e permitir que o usu\u00e1rio possa interagir, por meio de ferramentas de transpar\u00eancia\u201d, afirmou o secret\u00e1rio, destacando que a meta futura \u00e9 criar uma lista nacional desses pacientes.<\/p>\n","protected":false},"excerpt":{"rendered":"<p>Minist\u00e9rio da Sa\u00fade, Conselho Nacional de Secret\u00e1rios de Sa\u00fade (Conass) e Conselho Nacional de Secretarias Municipais de Sa\u00fade (Conasems) pactuaram, nesta quinta-feira (26), na primeira reuni\u00e3o ordin\u00e1ria da Comiss\u00e3o Intergestores Tripartite (CTI) de 2023,<\/p>\n","protected":false},"author":3,"featured_media":2827,"comment_status":"closed","ping_status":"closed","sticky":false,"template":"","format":"standard","meta":{"_links_to":"","_links_to_target":""},"categories":[2],"tags":[],"_links":{"self":[{"href":"https:\/\/www.correiodascidades.com.br\/v1\/wp-json\/wp\/v2\/posts\/2826"}],"collection":[{"href":"https:\/\/www.correiodascidades.com.br\/v1\/wp-json\/wp\/v2\/posts"}],"about":[{"href":"https:\/\/www.correiodascidades.com.br\/v1\/wp-json\/wp\/v2\/types\/post"}],"author":[{"embeddable":true,"href":"https:\/\/www.correiodascidades.com.br\/v1\/wp-json\/wp\/v2\/users\/3"}],"replies":[{"embeddable":true,"href":"https:\/\/www.correiodascidades.com.br\/v1\/wp-json\/wp\/v2\/comments?post=2826"}],"version-history":[{"count":1,"href":"https:\/\/www.correiodascidades.com.br\/v1\/wp-json\/wp\/v2\/posts\/2826\/revisions"}],"predecessor-version":[{"id":2828,"href":"https:\/\/www.correiodascidades.com.br\/v1\/wp-json\/wp\/v2\/posts\/2826\/revisions\/2828"}],"wp:featuredmedia":[{"embeddable":true,"href":"https:\/\/www.correiodascidades.com.br\/v1\/wp-json\/wp\/v2\/media\/2827"}],"wp:attachment":[{"href":"https:\/\/www.correiodascidades.com.br\/v1\/wp-json\/wp\/v2\/media?parent=2826"}],"wp:term":[{"taxonomy":"category","embeddable":true,"href":"https:\/\/www.correiodascidades.com.br\/v1\/wp-json\/wp\/v2\/categories?post=2826"},{"taxonomy":"post_tag","embeddable":true,"href":"https:\/\/www.correiodascidades.com.br\/v1\/wp-json\/wp\/v2\/tags?post=2826"}],"curies":[{"name":"wp","href":"https:\/\/api.w.org\/{rel}","templated":true}]}}