{"id":2829,"date":"2023-01-28T12:48:14","date_gmt":"2023-01-28T15:48:14","guid":{"rendered":"https:\/\/www.correiodascidades.com.br\/v1\/?p=2829"},"modified":"2023-01-28T12:48:14","modified_gmt":"2023-01-28T15:48:14","slug":"agu-pede-bloqueio-de-bens-de-mais-42-presos-por-atos-golpistas","status":"publish","type":"post","link":"https:\/\/www.correiodascidades.com.br\/v1\/2023\/01\/28\/agu-pede-bloqueio-de-bens-de-mais-42-presos-por-atos-golpistas\/","title":{"rendered":"AGU pede bloqueio de bens de mais 42 presos por atos golpistas"},"content":{"rendered":"<div id=\"chunk-17ot9\">\n<div class=\"mc-column content-text active-extra-styles \" data-block-type=\"unstyled\" data-block-weight=\"37\" data-block-id=\"3\">\n<p class=\"content-text__container \" data-track-category=\"Link no Texto\" data-track-links=\"\">A\u00a0Advocacia-Geral da Uni\u00e3o\u00a0(AGU) pediu nesta sexta-feira (27) o bloqueio de bens de mais 42 presos em flagrante por participar da depreda\u00e7\u00e3o de pr\u00e9dios na Pra\u00e7a dos Tr\u00eas Poderes, em Bras\u00edlia, no dia 8 de janeiro.<\/p>\n<\/div>\n<\/div>\n<p><!--more--><\/p>\n<div class=\"wall protected-content\">\n<div id=\"chunk-dhmgf\">\n<div class=\"mc-column content-text active-extra-styles \" data-block-type=\"unstyled\" data-block-weight=\"23\" data-block-id=\"4\">\n<p class=\"content-text__container \" data-track-category=\"Link no Texto\" data-track-links=\"\">No total, j\u00e1 foram apresentadas \u00e0 Justi\u00e7a Federal do\u00a0<a href=\"https:\/\/midiabahia.com.br\/lula-recebera-primeiro-ministro-da-alemanha-na-proxima-segunda\/\">Distrito<\/a>\u00a0Federal\u00a0tr\u00eas a\u00e7\u00f5es com o objetivo de possibilitar futuro ressarcimento dos danos causados.<\/p>\n<\/div>\n<\/div>\n<div id=\"chunk-fhefu\">\n<div class=\"mc-column content-text active-extra-styles \" data-block-type=\"unstyled\" data-block-weight=\"35\" data-block-id=\"5\">\n<p class=\"content-text__container \" data-track-category=\"Link no Texto\" data-track-links=\"\">Os pedidos de bloqueio j\u00e1 alcan\u00e7am 134 pessoas e sete empresas \u2013 82 golpistas por efetivamente participar da depreda\u00e7\u00e3o e 52 pessoas e sete empresas por financiar o fretamento de \u00f4nibus para os atos antidemocr\u00e1ticos.<\/p>\n<\/div>\n<\/div>\n<div id=\"chunk-3k6re\">\n<div class=\"mc-column content-text active-extra-styles \" data-block-type=\"unstyled\" data-block-weight=\"28\" data-block-id=\"6\">\n<p class=\"content-text__container \" data-track-category=\"Link no Texto\" data-track-links=\"\">Um dos pedidos foi aceito\u00a0pelo juiz federal Francisco Alexandre Ribeiro. Ao menos R$ 4,3 milh\u00f5es em ve\u00edculos de envolvidos e de empresas est\u00e3o bloqueados, segundo a AGU.<\/p>\n<p>As iniciativas que far\u00e3o parte da agenda englobar\u00e3o a\u00e7\u00f5es comuns entre as duas institui\u00e7\u00f5es em \u00e1reas como direitos humanos, clima e meio ambiente, defesa da democracia entre outras. Nos pr\u00f3ximos dias, representantes da AGU e da PGR se reunir\u00e3o para discutir os pormenores e os passos seguintes do trabalho conjunto.<\/p>\n<p>A decis\u00e3o de estreitar a coopera\u00e7\u00e3o interinstitucional foi tomada na manh\u00e3 de hoje (25\/01) durante visita institucional e de cortesia realizada pelo Advogado-Geral da Uni\u00e3o, Jorge Messias, ao Procurador-Geral da Rep\u00fablica, Augusto Aras, na sede da PGR, em Bras\u00edlia. No encontro, os dois manifestaram a inten\u00e7\u00e3o de trabalharem de forma cooperativa em prol da defesa do Estado e da sociedade.<\/p>\n<div class=\"stream-item stream-item-in-post stream-item-inline-post aligncenter\">\n<div id=\"M212366ScriptRootC1139179\"><\/div>\n<\/div>\n<p>Ambos concordaram que tanto a AGU quanto o Minist\u00e9rio P\u00fablico da Uni\u00e3o det\u00eam compet\u00eancias e atribui\u00e7\u00f5es espec\u00edficas claramente definidas na Constitui\u00e7\u00e3o Federal, e que a colabora\u00e7\u00e3o entre as duas institui\u00e7\u00f5es resultar\u00e1 em benef\u00edcios relevantes para conjunto da sociedade e do Estado brasileiros.<\/p>\n<\/div>\n<\/div>\n<\/div>\n","protected":false},"excerpt":{"rendered":"<p>A\u00a0Advocacia-Geral da Uni\u00e3o\u00a0(AGU) pediu nesta sexta-feira (27) o bloqueio de bens de mais 42 presos em flagrante por participar da depreda\u00e7\u00e3o de pr\u00e9dios na Pra\u00e7a dos Tr\u00eas Poderes, em Bras\u00edlia, no dia 8 de janeiro.<\/p>\n","protected":false},"author":3,"featured_media":2831,"comment_status":"closed","ping_status":"closed","sticky":false,"template":"","format":"standard","meta":{"_links_to":"","_links_to_target":""},"categories":[2],"tags":[],"_links":{"self":[{"href":"https:\/\/www.correiodascidades.com.br\/v1\/wp-json\/wp\/v2\/posts\/2829"}],"collection":[{"href":"https:\/\/www.correiodascidades.com.br\/v1\/wp-json\/wp\/v2\/posts"}],"about":[{"href":"https:\/\/www.correiodascidades.com.br\/v1\/wp-json\/wp\/v2\/types\/post"}],"author":[{"embeddable":true,"href":"https:\/\/www.correiodascidades.com.br\/v1\/wp-json\/wp\/v2\/users\/3"}],"replies":[{"embeddable":true,"href":"https:\/\/www.correiodascidades.com.br\/v1\/wp-json\/wp\/v2\/comments?post=2829"}],"version-history":[{"count":1,"href":"https:\/\/www.correiodascidades.com.br\/v1\/wp-json\/wp\/v2\/posts\/2829\/revisions"}],"predecessor-version":[{"id":2832,"href":"https:\/\/www.correiodascidades.com.br\/v1\/wp-json\/wp\/v2\/posts\/2829\/revisions\/2832"}],"wp:featuredmedia":[{"embeddable":true,"href":"https:\/\/www.correiodascidades.com.br\/v1\/wp-json\/wp\/v2\/media\/2831"}],"wp:attachment":[{"href":"https:\/\/www.correiodascidades.com.br\/v1\/wp-json\/wp\/v2\/media?parent=2829"}],"wp:term":[{"taxonomy":"category","embeddable":true,"href":"https:\/\/www.correiodascidades.com.br\/v1\/wp-json\/wp\/v2\/categories?post=2829"},{"taxonomy":"post_tag","embeddable":true,"href":"https:\/\/www.correiodascidades.com.br\/v1\/wp-json\/wp\/v2\/tags?post=2829"}],"curies":[{"name":"wp","href":"https:\/\/api.w.org\/{rel}","templated":true}]}}