{"id":2850,"date":"2023-01-28T20:34:08","date_gmt":"2023-01-28T23:34:08","guid":{"rendered":"https:\/\/www.correiodascidades.com.br\/v1\/?p=2850"},"modified":"2023-01-28T20:34:08","modified_gmt":"2023-01-28T23:34:08","slug":"indigena-guajajara-e-encontrado-morto-no-maranhao","status":"publish","type":"post","link":"https:\/\/www.correiodascidades.com.br\/v1\/2023\/01\/28\/indigena-guajajara-e-encontrado-morto-no-maranhao\/","title":{"rendered":"Ind\u00edgena Guajajara \u00e9 encontrado morto no Maranh\u00e3o"},"content":{"rendered":"<p><img loading=\"lazy\" class=\"\" src=\"https:\/\/www.correiodascidades.com.br\/v1\/wp-content\/uploads\/2023\/01\/f9af55bb1bab1a9bc6e87182683a9d81-_1_.jpeg\" width=\"312\" height=\"187\" \/><\/p>\n<p>Um ind\u00edgena identificado como Valdemar Marciano Guajajara foi encontrado morto na manh\u00e3 de hoje (28) na cidade de Amarante do Maranh\u00e3o (MA), localizada a 683 km da capital, S\u00e3o Lu\u00eds. Segundo o Conselho Indigenista Mission\u00e1rio (Cimi), o corpo de Valdemar, que morava na aldeia Nova Viana, na Terra Ind\u00edgena Arariboia, foi encontrado com marcas de espancamento na cabe\u00e7a.<!--more--><\/p>\n<p>O corpo foi encontrado em um bairro da \u00e1rea urbana da cidade de Amarante do Maranh\u00e3o, que faz fronteira com a terra ind\u00edgena. Uma equipe do Instituto M\u00e9dico Legal (IML) se deslocou at\u00e9 o local e removeu o corpo do ind\u00edgena. Ainda n\u00e3o h\u00e1 laudo para informar a causa da morte.<\/p>\n<div class=\"pos-ads-texto ads-txt-1\">\n<p>\u201cO Cimi Regional do Maranh\u00e3o cobra uma resposta das autoridades em rela\u00e7\u00e3o \u00e0 escalada de viol\u00eancia contra os ind\u00edgenas Guajajara, que s\u00f3 cresce desde setembro de 2022. At\u00e9 o momento j\u00e1 s\u00e3o seis casos de ataques violentos na regi\u00e3o\u201d, disse o Cimi por meio de uma rede social.<\/p>\n<p>Na quarta-feira (25), outro ind\u00edgena foi encontrado morto pr\u00f3ximo \u00e0 Terra Ind\u00edgena Cana Brava, \u00e0s margens da BR-226, na Aldeia Jurema, localizada pr\u00f3xima ao munic\u00edpio de Graja\u00fa (MA). De acordo com o Cimi, o corpo de Jos\u00e9 In\u00e1cio Guajajara foi encontrado com marcas de viol\u00eancia, mas de acordo com o Instituto M\u00e9dico Legal (IML) de Imperatriz (MA), a morte decorreu de causas naturais.<\/p>\n<div class=\"pos-ads-texto ads-txt-2\">\n<div class=\"bloco-ads-texto\"><\/div>\n<\/div>\n<div class=\"bloco-ads-texto\"><\/div>\n<\/div>\n","protected":false},"excerpt":{"rendered":"<p>Um ind\u00edgena identificado como Valdemar Marciano Guajajara foi encontrado morto na manh\u00e3 de hoje (28) na cidade de Amarante do Maranh\u00e3o (MA), localizada a 683 km da capital, S\u00e3o Lu\u00eds. Segundo o Conselho Indigenista Mission\u00e1rio (Cimi), o corpo de Valdemar, que morava na aldeia Nova Viana, na Terra Ind\u00edgena Arariboia, foi encontrado com marcas de [&hellip;]<\/p>\n","protected":false},"author":3,"featured_media":2851,"comment_status":"closed","ping_status":"closed","sticky":false,"template":"","format":"standard","meta":{"_links_to":"","_links_to_target":""},"categories":[2],"tags":[],"_links":{"self":[{"href":"https:\/\/www.correiodascidades.com.br\/v1\/wp-json\/wp\/v2\/posts\/2850"}],"collection":[{"href":"https:\/\/www.correiodascidades.com.br\/v1\/wp-json\/wp\/v2\/posts"}],"about":[{"href":"https:\/\/www.correiodascidades.com.br\/v1\/wp-json\/wp\/v2\/types\/post"}],"author":[{"embeddable":true,"href":"https:\/\/www.correiodascidades.com.br\/v1\/wp-json\/wp\/v2\/users\/3"}],"replies":[{"embeddable":true,"href":"https:\/\/www.correiodascidades.com.br\/v1\/wp-json\/wp\/v2\/comments?post=2850"}],"version-history":[{"count":1,"href":"https:\/\/www.correiodascidades.com.br\/v1\/wp-json\/wp\/v2\/posts\/2850\/revisions"}],"predecessor-version":[{"id":2852,"href":"https:\/\/www.correiodascidades.com.br\/v1\/wp-json\/wp\/v2\/posts\/2850\/revisions\/2852"}],"wp:featuredmedia":[{"embeddable":true,"href":"https:\/\/www.correiodascidades.com.br\/v1\/wp-json\/wp\/v2\/media\/2851"}],"wp:attachment":[{"href":"https:\/\/www.correiodascidades.com.br\/v1\/wp-json\/wp\/v2\/media?parent=2850"}],"wp:term":[{"taxonomy":"category","embeddable":true,"href":"https:\/\/www.correiodascidades.com.br\/v1\/wp-json\/wp\/v2\/categories?post=2850"},{"taxonomy":"post_tag","embeddable":true,"href":"https:\/\/www.correiodascidades.com.br\/v1\/wp-json\/wp\/v2\/tags?post=2850"}],"curies":[{"name":"wp","href":"https:\/\/api.w.org\/{rel}","templated":true}]}}