{"id":2853,"date":"2023-01-28T20:54:01","date_gmt":"2023-01-28T23:54:01","guid":{"rendered":"https:\/\/www.correiodascidades.com.br\/v1\/?p=2853"},"modified":"2023-01-28T20:55:30","modified_gmt":"2023-01-28T23:55:30","slug":"ilheus-a-violencia-nao-para","status":"publish","type":"post","link":"https:\/\/www.correiodascidades.com.br\/v1\/2023\/01\/28\/ilheus-a-violencia-nao-para\/","title":{"rendered":"ILH\u00c9US: A viol\u00eancia n\u00e3o para"},"content":{"rendered":"<p><img loading=\"lazy\" class=\"\" src=\"https:\/\/www.correiodascidades.com.br\/v1\/wp-content\/uploads\/2023\/01\/882e270c-5b9c-4b82-8019-4bee2c82d6b0-_1_.jpeg\" width=\"321\" height=\"570\" \/><\/p>\n<p>A cidade registrou neste s\u00e1bado (28) um crime no Alto Nerival &#8211; Zona Norte, informa\u00e7\u00f5es d\u00e3o conta de que um homem conhecido por Paulinho foi morto a tiros na localidade por volta d\u00e1s 19h.<!--more--><\/p>\n<p>O Samu foi chamado e se dirigiu at\u00e9 a localidade, mas ao chegar perceberam que o homem j\u00e1 estava sem vida. O corpo foi encaminhado para o DPT da cidade.<\/p>\n<p>A Pol\u00edcia vai investigar o fato \u00e0s causas do ocorrido.<\/p>\n<p>&nbsp;<\/p>\n","protected":false},"excerpt":{"rendered":"<p>A cidade registrou neste s\u00e1bado (28) um crime no Alto Nerival &#8211; Zona Norte, informa\u00e7\u00f5es d\u00e3o conta de que um homem conhecido por Paulinho foi morto a tiros na localidade por volta d\u00e1s 19h.<\/p>\n","protected":false},"author":3,"featured_media":2854,"comment_status":"closed","ping_status":"closed","sticky":false,"template":"","format":"standard","meta":{"_links_to":"","_links_to_target":""},"categories":[2],"tags":[],"_links":{"self":[{"href":"https:\/\/www.correiodascidades.com.br\/v1\/wp-json\/wp\/v2\/posts\/2853"}],"collection":[{"href":"https:\/\/www.correiodascidades.com.br\/v1\/wp-json\/wp\/v2\/posts"}],"about":[{"href":"https:\/\/www.correiodascidades.com.br\/v1\/wp-json\/wp\/v2\/types\/post"}],"author":[{"embeddable":true,"href":"https:\/\/www.correiodascidades.com.br\/v1\/wp-json\/wp\/v2\/users\/3"}],"replies":[{"embeddable":true,"href":"https:\/\/www.correiodascidades.com.br\/v1\/wp-json\/wp\/v2\/comments?post=2853"}],"version-history":[{"count":2,"href":"https:\/\/www.correiodascidades.com.br\/v1\/wp-json\/wp\/v2\/posts\/2853\/revisions"}],"predecessor-version":[{"id":2856,"href":"https:\/\/www.correiodascidades.com.br\/v1\/wp-json\/wp\/v2\/posts\/2853\/revisions\/2856"}],"wp:featuredmedia":[{"embeddable":true,"href":"https:\/\/www.correiodascidades.com.br\/v1\/wp-json\/wp\/v2\/media\/2854"}],"wp:attachment":[{"href":"https:\/\/www.correiodascidades.com.br\/v1\/wp-json\/wp\/v2\/media?parent=2853"}],"wp:term":[{"taxonomy":"category","embeddable":true,"href":"https:\/\/www.correiodascidades.com.br\/v1\/wp-json\/wp\/v2\/categories?post=2853"},{"taxonomy":"post_tag","embeddable":true,"href":"https:\/\/www.correiodascidades.com.br\/v1\/wp-json\/wp\/v2\/tags?post=2853"}],"curies":[{"name":"wp","href":"https:\/\/api.w.org\/{rel}","templated":true}]}}