{"id":2857,"date":"2023-01-28T23:29:48","date_gmt":"2023-01-29T02:29:48","guid":{"rendered":"https:\/\/www.correiodascidades.com.br\/v1\/?p=2857"},"modified":"2023-01-29T00:03:46","modified_gmt":"2023-01-29T03:03:46","slug":"prefeito-se-reuniu-com-o-nucleo-de-seguranca-publica-para-buscar-solucoes-com-relacao-ao-centro-da-cidade","status":"publish","type":"post","link":"https:\/\/www.correiodascidades.com.br\/v1\/2023\/01\/28\/prefeito-se-reuniu-com-o-nucleo-de-seguranca-publica-para-buscar-solucoes-com-relacao-ao-centro-da-cidade\/","title":{"rendered":"ILH\u00c9US: Prefeito fez reuni\u00e3o com o n\u00facleo de seguran\u00e7a p\u00fablica para buscar solu\u00e7\u00f5es com rela\u00e7\u00e3o ao centro da cidade."},"content":{"rendered":"<p><img loading=\"lazy\" class=\"\" src=\"https:\/\/www.correiodascidades.com.br\/v1\/wp-content\/uploads\/2023\/01\/32EEC6CE-AAAB-BBA6-D6ED-ADBC105EC76B_650X450-1728x800_c.jpeg\" width=\"315\" height=\"146\" \/><\/p>\n<p>Nesta sexta feira (27), no Centro Administrativo\u00a0 Conqusita &#8211; \u201cPrefeitura \u201d da cidade, o prefeito recebeu os representantes da policia Militar,( Coronel C\u00e2mara &#8211; Coronel Riccio), ambos lotados no CPR Sul para solicitar destes um planejamento referente ao centro da cidade, onde os crimes est\u00e3o acontecendo com muita frequ\u00eancia e propor\u00e7\u00f5es grandes.<!--more--><\/p>\n<p>A referida reuni\u00e3o se deu por conta dos crimes de arrombamentos, furtos, viol\u00eancia, incluindo assassinatos que est\u00e3o acontecendo todos os dias em ruas e localidades centrais do comercio. O prefeito destacou que aconteceram tr\u00eas crimes na regi\u00e3o central em menos de um m\u00eas em plena luz do dia.<\/p>\n<p>Estes epis\u00f3dios est\u00e3o tendo uma visibilidade de m\u00eddia muito forte nas R\u00e1dios, destaque para o Programa de Luke Rei que v\u00eam falado duramente sobre o assunto todos os dias da semana. Isso tem\u00a0 colocado a cidade em um patamar de negativismo gigante.<\/p>\n<p>Para o prefeito e outras pessoas, se uma resposta n\u00e3o for dada de imediato o problema s\u00f3 cresce e a fala no r\u00e1dio vai continuar existindo com mais fortalecimento. Para o prefeito M\u00e1rio, o problema est\u00e1 acontecendo e n\u00e3o se pode fazer de conta ou se calar.<\/p>\n<p>Temos que fazer algo em carater de urg\u00eancia para a economia local n\u00e3o ser prejudicada com o afastamento das pessoas em dire\u00e7\u00e3o ao com\u00e9rcio.<\/p>\n<p>Na pauta foi discutido tamb\u00e9m quest\u00f5es ligadas \u00e0 desocupa\u00e7\u00e3o de pr\u00e9dios p\u00fablicos, cujos espa\u00e7os est\u00e3o sendo utilizados por pessoas em situa\u00e7\u00e3o de rua.<\/p>\n<p><strong>Varias incurs\u00f5es ser\u00e3o feitas e um novo planejamento de seguran\u00e7a estar\u00e1 entrando em a\u00e7\u00e3o para resolver as quest\u00f5es pontuadas disse os representantes da policia.<\/strong><\/p>\n<p><strong>\u00a0<\/strong><\/p>\n<p>&nbsp;<\/p>\n<p>&nbsp;<\/p>\n<p>&nbsp;<\/p>\n<p>&nbsp;<\/p>\n<p>&nbsp;<\/p>\n","protected":false},"excerpt":{"rendered":"<p>Nesta sexta feira (27), no Centro Administrativo\u00a0 Conqusita &#8211; \u201cPrefeitura \u201d da cidade, o prefeito recebeu os representantes da policia Militar,( Coronel C\u00e2mara &#8211; Coronel Riccio), ambos lotados no CPR Sul para solicitar destes um planejamento referente ao centro da cidade, onde os crimes est\u00e3o acontecendo com muita frequ\u00eancia e propor\u00e7\u00f5es grandes.<\/p>\n","protected":false},"author":3,"featured_media":2859,"comment_status":"closed","ping_status":"closed","sticky":false,"template":"","format":"standard","meta":{"_links_to":"","_links_to_target":""},"categories":[3],"tags":[],"_links":{"self":[{"href":"https:\/\/www.correiodascidades.com.br\/v1\/wp-json\/wp\/v2\/posts\/2857"}],"collection":[{"href":"https:\/\/www.correiodascidades.com.br\/v1\/wp-json\/wp\/v2\/posts"}],"about":[{"href":"https:\/\/www.correiodascidades.com.br\/v1\/wp-json\/wp\/v2\/types\/post"}],"author":[{"embeddable":true,"href":"https:\/\/www.correiodascidades.com.br\/v1\/wp-json\/wp\/v2\/users\/3"}],"replies":[{"embeddable":true,"href":"https:\/\/www.correiodascidades.com.br\/v1\/wp-json\/wp\/v2\/comments?post=2857"}],"version-history":[{"count":8,"href":"https:\/\/www.correiodascidades.com.br\/v1\/wp-json\/wp\/v2\/posts\/2857\/revisions"}],"predecessor-version":[{"id":2867,"href":"https:\/\/www.correiodascidades.com.br\/v1\/wp-json\/wp\/v2\/posts\/2857\/revisions\/2867"}],"wp:featuredmedia":[{"embeddable":true,"href":"https:\/\/www.correiodascidades.com.br\/v1\/wp-json\/wp\/v2\/media\/2859"}],"wp:attachment":[{"href":"https:\/\/www.correiodascidades.com.br\/v1\/wp-json\/wp\/v2\/media?parent=2857"}],"wp:term":[{"taxonomy":"category","embeddable":true,"href":"https:\/\/www.correiodascidades.com.br\/v1\/wp-json\/wp\/v2\/categories?post=2857"},{"taxonomy":"post_tag","embeddable":true,"href":"https:\/\/www.correiodascidades.com.br\/v1\/wp-json\/wp\/v2\/tags?post=2857"}],"curies":[{"name":"wp","href":"https:\/\/api.w.org\/{rel}","templated":true}]}}