{"id":2869,"date":"2023-01-29T12:57:48","date_gmt":"2023-01-29T15:57:48","guid":{"rendered":"https:\/\/www.correiodascidades.com.br\/v1\/?p=2869"},"modified":"2023-01-29T12:57:48","modified_gmt":"2023-01-29T15:57:48","slug":"palmeiras-conquista-a-supercopa-em-jogaco-de-7-gols-contra-o-flamengo","status":"publish","type":"post","link":"https:\/\/www.correiodascidades.com.br\/v1\/2023\/01\/29\/palmeiras-conquista-a-supercopa-em-jogaco-de-7-gols-contra-o-flamengo\/","title":{"rendered":"Palmeiras conquista a Supercopa em joga\u00e7o de 7 gols contra o Flamengo"},"content":{"rendered":"<p><img loading=\"lazy\" class=\"\" src=\"https:\/\/www.correiodascidades.com.br\/v1\/wp-content\/uploads\/2023\/01\/palmeiras.campeao.28.01.jpg\" width=\"317\" height=\"159\" \/><\/p>\n<p><span class=\"dropcap \">O <\/span>Palmeiras conquistou o t\u00edtulo da Supercopa do Brasil ao derrotar o Flamengo por 4 a 3 na tarde deste s\u00e1bado, no est\u00e1dio Man\u00e9 Garrincha, com muitos gols ic\u00f4nicos, que fez valer o ingresso dos torcedores.<!--more--><\/p>\n<p>Com a vit\u00f3ria, o Palmeiras se vinga da derrota para o Flamengo na Supercopa de 2021 e conquista o t\u00edtulo pela primeira vez em sua hist\u00f3ria. O Flamengo volta a focar no Mundial de Clubes.<\/p>\n<p>Palmeiras e Flamengo fizeram um primeiro tempo alucinante, mas foi o time rubro-negro quem inaugurou o marcador. Z\u00e9 Rafael cometeu p\u00eanalti em Arrascaeta, que sairia de frente para Weverton. Gagibol foi para a cobran\u00e7a e bateu com extrema categoria para fazer 1 a 0.<\/p>\n<p>O Palmeiras n\u00e3o desistiu e empatou aos 37 minutos. Endrick apareceu aberto pela esquerda e faz a bola chegar em Raphael Veiga. Dentro da \u00e1rea, o camisa 23 empatou.<\/p>\n<p>O time alviverde come\u00e7ou a pressionar o Flamengo e virou aos 49 minutos. Gabriel Menino recebeu em liberdade, ajeitou o corpo e mandou no \u00e2ngulo, sem nenhuma chance para o goleiro Santos.<\/p>\n<p>No segundo tempo, o Flamengo foi com tudo para o ataque, exigiu grandes defesas de Weverton e igualou o marcador. Aos cinco minutos, \u00c9verton Ribeiro fintou a marca\u00e7\u00e3o e deu assist\u00eancia perfeita para Gabigol. O atacante deixou Gomez para tr\u00e1s e deu um toque por cobertura para superar Weverton.<\/p>\n<p>O Palmeiras, no entanto, respondeu de forma imediata. \u00c9verton Ribeiro colocou a m\u00e3o na bola e o p\u00eanalti foi marcado. Aos 12 minutos, Raphael Veiga marcou e fez 3 a 2. Mas o Flamengo ainda empatou. Aos 14, \u00c9verton Ribeiro acionou Ayrton Lucas, que cruzou para Pedro. O atacante mandou de calcanhar para o fundo das redes.<\/p>\n<p>O Palmeiras, no entanto, n\u00e3o sentiu o gol e foi buscar mais um. O quarto saiu aos 28 minutos. Dudu acionou Raphael Veiga, que cruzou. A bola chegou em Gabriel Menino, que mandou para o fundo das redes. Depois foi s\u00f3 segurar para confirmar o t\u00edtulo da Supercopa.<\/p>\n","protected":false},"excerpt":{"rendered":"<p>O Palmeiras conquistou o t\u00edtulo da Supercopa do Brasil ao derrotar o Flamengo por 4 a 3 na tarde deste s\u00e1bado, no est\u00e1dio Man\u00e9 Garrincha, com muitos gols ic\u00f4nicos, que fez valer o ingresso dos torcedores.<\/p>\n","protected":false},"author":3,"featured_media":2870,"comment_status":"closed","ping_status":"closed","sticky":false,"template":"","format":"standard","meta":{"_links_to":"","_links_to_target":""},"categories":[2],"tags":[],"_links":{"self":[{"href":"https:\/\/www.correiodascidades.com.br\/v1\/wp-json\/wp\/v2\/posts\/2869"}],"collection":[{"href":"https:\/\/www.correiodascidades.com.br\/v1\/wp-json\/wp\/v2\/posts"}],"about":[{"href":"https:\/\/www.correiodascidades.com.br\/v1\/wp-json\/wp\/v2\/types\/post"}],"author":[{"embeddable":true,"href":"https:\/\/www.correiodascidades.com.br\/v1\/wp-json\/wp\/v2\/users\/3"}],"replies":[{"embeddable":true,"href":"https:\/\/www.correiodascidades.com.br\/v1\/wp-json\/wp\/v2\/comments?post=2869"}],"version-history":[{"count":1,"href":"https:\/\/www.correiodascidades.com.br\/v1\/wp-json\/wp\/v2\/posts\/2869\/revisions"}],"predecessor-version":[{"id":2871,"href":"https:\/\/www.correiodascidades.com.br\/v1\/wp-json\/wp\/v2\/posts\/2869\/revisions\/2871"}],"wp:featuredmedia":[{"embeddable":true,"href":"https:\/\/www.correiodascidades.com.br\/v1\/wp-json\/wp\/v2\/media\/2870"}],"wp:attachment":[{"href":"https:\/\/www.correiodascidades.com.br\/v1\/wp-json\/wp\/v2\/media?parent=2869"}],"wp:term":[{"taxonomy":"category","embeddable":true,"href":"https:\/\/www.correiodascidades.com.br\/v1\/wp-json\/wp\/v2\/categories?post=2869"},{"taxonomy":"post_tag","embeddable":true,"href":"https:\/\/www.correiodascidades.com.br\/v1\/wp-json\/wp\/v2\/tags?post=2869"}],"curies":[{"name":"wp","href":"https:\/\/api.w.org\/{rel}","templated":true}]}}