{"id":2872,"date":"2023-01-29T13:02:03","date_gmt":"2023-01-29T16:02:03","guid":{"rendered":"https:\/\/www.correiodascidades.com.br\/v1\/?p=2872"},"modified":"2023-01-29T13:02:25","modified_gmt":"2023-01-29T16:02:25","slug":"daniel-alves-ficou-15-minutos-trancado-no-banheiro-com-a-mulher-que-o-acusa-apontam-imagens-de-cameras-de-boate-espanhola","status":"publish","type":"post","link":"https:\/\/www.correiodascidades.com.br\/v1\/2023\/01\/29\/daniel-alves-ficou-15-minutos-trancado-no-banheiro-com-a-mulher-que-o-acusa-apontam-imagens-de-cameras-de-boate-espanhola\/","title":{"rendered":"Daniel Alves ficou 15 minutos trancado no banheiro com a mulher que o acusa, apontam imagens de c\u00e2meras de boate espanhola"},"content":{"rendered":"<p><img loading=\"lazy\" class=\"\" src=\"https:\/\/www.correiodascidades.com.br\/v1\/wp-content\/uploads\/2023\/01\/danielalvesselecao.jpeg\" width=\"321\" height=\"214\" \/><\/p>\n<p>Preso na Espanha acusado de\u00a0<a href=\"https:\/\/oglobo.globo.com\/esportes\/noticia\/2023\/01\/caso-daniel-alves-quais-os-proximos-passos.ghtml\" target=\"_blank\" rel=\"noopener\">agress\u00e3o sexual,<\/a> desde a \u00faltima sexta-feira (20), Daniel Alves teve uma das suas vers\u00f5es apresentadas \u00e0 Justi\u00e7a desmentidas devido a imagens de c\u00e2meras de seguran\u00e7a da boate em que esteve, na noite de 30 de dezembro, quando teria for\u00e7ado uma mulher a manter rela\u00e7\u00f5es sexuais com ele.<!--more-->O jogador de futebol, que, inicialmente, disse n\u00e3o conhecer a v\u00edtima e depois argumentou que a rela\u00e7\u00e3o sexual havia sido consensual, ficou trancado por cerca de 15 minutos no banheiro da \u00e1rea vip da boate Sutton. \u00c9 que o informa o jornal espanhol El Peri\u00f3dico.<\/p>\n<p align=\"left\">A defesa de Daniel Alves admite que ele mudou a vers\u00e3o.<\/p>\n<p align=\"left\">As contradi\u00e7\u00f5es do depoimento do brasileiro, al\u00e9m do risco de fuga em raz\u00e3o de uma passagem j\u00e1 comprada para voltar ao M\u00e9xico na sexta-feira, o depoimento contundente e sem contradi\u00e7\u00f5es da mulher que o acusa e tamb\u00e9m exames m\u00e9dicos e informa\u00e7\u00f5es policiais fizeram a ju\u00edza Maria Concepci\u00f3n Canton Mart\u00edn decretar pris\u00e3o provis\u00f3ria sem fian\u00e7a.<\/p>\n<p align=\"left\">A mulher que acusa Daniel Alves de estupro afirma ter sido trancada no banheiro. Segundo o depoimento, o jogador se sentou no vaso sanit\u00e1rio, subiu o vestido dela e a for\u00e7ou a transar com ele. O atleta tamb\u00e9m a teria jogado no ch\u00e3o e a obrigado a fazer sexo oral nele. A mulher teria tentado resistir e, por isso, teria sido agredida. Em seguida, Daniel Alves a teria penetrado \u00e0 for\u00e7a antes de ambos sa\u00edre<\/p>\n","protected":false},"excerpt":{"rendered":"<p>Preso na Espanha acusado de\u00a0agress\u00e3o sexual, desde a \u00faltima sexta-feira (20), Daniel Alves teve uma das suas vers\u00f5es apresentadas \u00e0 Justi\u00e7a desmentidas devido a imagens de c\u00e2meras de seguran\u00e7a da boate em que esteve, na noite de 30 de dezembro, quando teria for\u00e7ado uma mulher a manter rela\u00e7\u00f5es sexuais com ele.<\/p>\n","protected":false},"author":3,"featured_media":2873,"comment_status":"closed","ping_status":"closed","sticky":false,"template":"","format":"standard","meta":{"_links_to":"","_links_to_target":""},"categories":[2],"tags":[],"_links":{"self":[{"href":"https:\/\/www.correiodascidades.com.br\/v1\/wp-json\/wp\/v2\/posts\/2872"}],"collection":[{"href":"https:\/\/www.correiodascidades.com.br\/v1\/wp-json\/wp\/v2\/posts"}],"about":[{"href":"https:\/\/www.correiodascidades.com.br\/v1\/wp-json\/wp\/v2\/types\/post"}],"author":[{"embeddable":true,"href":"https:\/\/www.correiodascidades.com.br\/v1\/wp-json\/wp\/v2\/users\/3"}],"replies":[{"embeddable":true,"href":"https:\/\/www.correiodascidades.com.br\/v1\/wp-json\/wp\/v2\/comments?post=2872"}],"version-history":[{"count":1,"href":"https:\/\/www.correiodascidades.com.br\/v1\/wp-json\/wp\/v2\/posts\/2872\/revisions"}],"predecessor-version":[{"id":2874,"href":"https:\/\/www.correiodascidades.com.br\/v1\/wp-json\/wp\/v2\/posts\/2872\/revisions\/2874"}],"wp:featuredmedia":[{"embeddable":true,"href":"https:\/\/www.correiodascidades.com.br\/v1\/wp-json\/wp\/v2\/media\/2873"}],"wp:attachment":[{"href":"https:\/\/www.correiodascidades.com.br\/v1\/wp-json\/wp\/v2\/media?parent=2872"}],"wp:term":[{"taxonomy":"category","embeddable":true,"href":"https:\/\/www.correiodascidades.com.br\/v1\/wp-json\/wp\/v2\/categories?post=2872"},{"taxonomy":"post_tag","embeddable":true,"href":"https:\/\/www.correiodascidades.com.br\/v1\/wp-json\/wp\/v2\/tags?post=2872"}],"curies":[{"name":"wp","href":"https:\/\/api.w.org\/{rel}","templated":true}]}}