{"id":3294,"date":"2023-02-26T03:59:43","date_gmt":"2023-02-26T06:59:43","guid":{"rendered":"https:\/\/www.correiodascidades.com.br\/v1\/?p=3294"},"modified":"2023-02-26T04:05:54","modified_gmt":"2023-02-26T07:05:54","slug":"vereador-augustao-fez-visitas-nos-pontos-de-onibus-dos-distritos","status":"publish","type":"post","link":"https:\/\/www.correiodascidades.com.br\/v1\/2023\/02\/26\/vereador-augustao-fez-visitas-nos-pontos-de-onibus-dos-distritos\/","title":{"rendered":"Vereador August\u00e3o fez visitas nos pontos de \u00f4nibus dos distritos nesta sexta feira 24"},"content":{"rendered":"<p><img loading=\"lazy\" class=\"\" src=\"https:\/\/www.correiodascidades.com.br\/v1\/wp-content\/uploads\/2023\/02\/333251704_597303671848824_7985880607119684893_n-300x300.jpg\" width=\"349\" height=\"349\" \/><\/p>\n<p>De acordo com o Vereador uma coisa que o chamou aten\u00e7\u00e3o mais uma vez foi a retirada dos pontos de \u00f4nibus nas \u00e1reas em volta da Central de Abastecimento do Malhado &#8211; deixando o povo sujeito a chuva, sol, poeira e lama.<!--more--><\/p>\n<p>August\u00e3o disse que conversou com os moradores do interior que estavam aguardando os \u00f4nibus para os mais diversos distritos e percebeu todo o sofrimento de homens, mulheres, idosos e crian\u00e7as que aguardavam os ve\u00edculos para voltarem para suas casas. Segundo ele ficou constatado um completo desrespeito.<\/p>\n<p>De imediato o Vereador cobrou da Prefeitura uma solu\u00e7\u00e3o imediata para o problema, solicitando n\u00e3o somente a implanta\u00e7\u00e3o de coberturas nos pontos, como tamb\u00e9m a amplia\u00e7\u00e3o das linhas de \u00f4nibus para a zona rural.<\/p>\n","protected":false},"excerpt":{"rendered":"<p>De acordo com o Vereador uma coisa que o chamou aten\u00e7\u00e3o mais uma vez foi a retirada dos pontos de \u00f4nibus nas \u00e1reas em volta da Central de Abastecimento do Malhado &#8211; deixando o povo sujeito a chuva, sol, poeira e lama.<\/p>\n","protected":false},"author":3,"featured_media":3295,"comment_status":"closed","ping_status":"closed","sticky":false,"template":"","format":"standard","meta":{"_links_to":"","_links_to_target":""},"categories":[2],"tags":[],"_links":{"self":[{"href":"https:\/\/www.correiodascidades.com.br\/v1\/wp-json\/wp\/v2\/posts\/3294"}],"collection":[{"href":"https:\/\/www.correiodascidades.com.br\/v1\/wp-json\/wp\/v2\/posts"}],"about":[{"href":"https:\/\/www.correiodascidades.com.br\/v1\/wp-json\/wp\/v2\/types\/post"}],"author":[{"embeddable":true,"href":"https:\/\/www.correiodascidades.com.br\/v1\/wp-json\/wp\/v2\/users\/3"}],"replies":[{"embeddable":true,"href":"https:\/\/www.correiodascidades.com.br\/v1\/wp-json\/wp\/v2\/comments?post=3294"}],"version-history":[{"count":4,"href":"https:\/\/www.correiodascidades.com.br\/v1\/wp-json\/wp\/v2\/posts\/3294\/revisions"}],"predecessor-version":[{"id":3299,"href":"https:\/\/www.correiodascidades.com.br\/v1\/wp-json\/wp\/v2\/posts\/3294\/revisions\/3299"}],"wp:featuredmedia":[{"embeddable":true,"href":"https:\/\/www.correiodascidades.com.br\/v1\/wp-json\/wp\/v2\/media\/3295"}],"wp:attachment":[{"href":"https:\/\/www.correiodascidades.com.br\/v1\/wp-json\/wp\/v2\/media?parent=3294"}],"wp:term":[{"taxonomy":"category","embeddable":true,"href":"https:\/\/www.correiodascidades.com.br\/v1\/wp-json\/wp\/v2\/categories?post=3294"},{"taxonomy":"post_tag","embeddable":true,"href":"https:\/\/www.correiodascidades.com.br\/v1\/wp-json\/wp\/v2\/tags?post=3294"}],"curies":[{"name":"wp","href":"https:\/\/api.w.org\/{rel}","templated":true}]}}