{"id":3992,"date":"2023-03-29T13:55:25","date_gmt":"2023-03-29T16:55:25","guid":{"rendered":"https:\/\/www.correiodascidades.com.br\/v1\/?p=3992"},"modified":"2023-03-29T13:55:25","modified_gmt":"2023-03-29T16:55:25","slug":"augustao-confirma-sua-pre-candidatura-a-prefeito-de-ilheus","status":"publish","type":"post","link":"https:\/\/www.correiodascidades.com.br\/v1\/2023\/03\/29\/augustao-confirma-sua-pre-candidatura-a-prefeito-de-ilheus\/","title":{"rendered":"August\u00e3o confirma sua pr\u00e9-candidatura a prefeito de Ilh\u00e9us"},"content":{"rendered":"<p><img loading=\"lazy\" class=\"\" src=\"https:\/\/www.correiodascidades.com.br\/v1\/wp-content\/uploads\/2023\/03\/00d2eed4-2182-45fc-ba6d-56dd4c5d0688-augustao-300x300.jpeg\" width=\"506\" height=\"506\" \/><\/p>\n<p>O vereador Carlos Augusto (August\u00e3o) confirmou nesta ter\u00e7a-feira(29), no plen\u00e1rio da C\u00e2mara Municipal, que \u00e9 pr\u00e9-candidato a prefeito de Ilh\u00e9us nas elei\u00e7\u00f5es do pr\u00f3ximo ano. De acordo com o vereador, Ilh\u00e9us precisa de um prefeito que conhe\u00e7a de perto a realidade do povo da cidade, dos moradores da zona rural, dos bairros perif\u00e9ricos e que tenha condi\u00e7\u00f5es e sensibilidade para realizar as obras, servi\u00e7os, investimentos e melhorias que a comunidade precisa.<!--more--><\/p>\n<p>\u201cA gente n\u00e3o vai ficar assistindo a esse filme macabro onde os mesmo de sempre, a mesma fam\u00edlia quer se perpetuar no poder\u201d, denunciou o pr\u00e9-candidato. \u201cVamos acabar esse preconceito de que um negro n\u00e3o pode administrar a cidade. A popula\u00e7\u00e3o vai dizer que quer sim um negro para tomar conta da nossa cidade. E Ilh\u00e9us tem todo um potencial para estar muito mais desenvolvida e preparada para completar os 500 anos de exist\u00eancia\u201d, complementou August Vereador, l\u00edder sindical e empres\u00e1rio, August\u00e3o vem representando os mais diversos segmentos da comunidade ilheense e se consolidando pela defesa dos direitos como o transporte coletivo de qualidade, mais sa\u00fade, educa\u00e7\u00e3o, mobilidade urbana, seguran\u00e7a e infraestrutura para todo o munic\u00edpio. Al\u00e9m disso, o vereador vem elaborando diversos projetos e visitando outras cidades buscando iniciativas vi\u00e1veis e experi\u00eancias positivas desenvolvidas nesses locais para que sejam implantadas no munic\u00edpio.<\/p>\n","protected":false},"excerpt":{"rendered":"<p>O vereador Carlos Augusto (August\u00e3o) confirmou nesta ter\u00e7a-feira(29), no plen\u00e1rio da C\u00e2mara Municipal, que \u00e9 pr\u00e9-candidato a prefeito de Ilh\u00e9us nas elei\u00e7\u00f5es do pr\u00f3ximo ano. De acordo com o vereador, Ilh\u00e9us precisa de um prefeito que conhe\u00e7a de perto a realidade do povo da cidade, dos moradores da zona rural, dos bairros perif\u00e9ricos e que [&hellip;]<\/p>\n","protected":false},"author":3,"featured_media":3993,"comment_status":"closed","ping_status":"closed","sticky":false,"template":"","format":"standard","meta":{"_links_to":"","_links_to_target":""},"categories":[1],"tags":[],"_links":{"self":[{"href":"https:\/\/www.correiodascidades.com.br\/v1\/wp-json\/wp\/v2\/posts\/3992"}],"collection":[{"href":"https:\/\/www.correiodascidades.com.br\/v1\/wp-json\/wp\/v2\/posts"}],"about":[{"href":"https:\/\/www.correiodascidades.com.br\/v1\/wp-json\/wp\/v2\/types\/post"}],"author":[{"embeddable":true,"href":"https:\/\/www.correiodascidades.com.br\/v1\/wp-json\/wp\/v2\/users\/3"}],"replies":[{"embeddable":true,"href":"https:\/\/www.correiodascidades.com.br\/v1\/wp-json\/wp\/v2\/comments?post=3992"}],"version-history":[{"count":1,"href":"https:\/\/www.correiodascidades.com.br\/v1\/wp-json\/wp\/v2\/posts\/3992\/revisions"}],"predecessor-version":[{"id":3994,"href":"https:\/\/www.correiodascidades.com.br\/v1\/wp-json\/wp\/v2\/posts\/3992\/revisions\/3994"}],"wp:featuredmedia":[{"embeddable":true,"href":"https:\/\/www.correiodascidades.com.br\/v1\/wp-json\/wp\/v2\/media\/3993"}],"wp:attachment":[{"href":"https:\/\/www.correiodascidades.com.br\/v1\/wp-json\/wp\/v2\/media?parent=3992"}],"wp:term":[{"taxonomy":"category","embeddable":true,"href":"https:\/\/www.correiodascidades.com.br\/v1\/wp-json\/wp\/v2\/categories?post=3992"},{"taxonomy":"post_tag","embeddable":true,"href":"https:\/\/www.correiodascidades.com.br\/v1\/wp-json\/wp\/v2\/tags?post=3992"}],"curies":[{"name":"wp","href":"https:\/\/api.w.org\/{rel}","templated":true}]}}