{"id":4734,"date":"2023-05-07T03:44:05","date_gmt":"2023-05-07T06:44:05","guid":{"rendered":"https:\/\/www.correiodascidades.com.br\/v1\/?p=4734"},"modified":"2023-05-07T03:44:05","modified_gmt":"2023-05-07T06:44:05","slug":"o-aeroporto-de-ilheus-escreveu-nota-esclarecendo-a-morte-de-um-passageiro-nas-dependecia-do-local","status":"publish","type":"post","link":"https:\/\/www.correiodascidades.com.br\/v1\/2023\/05\/07\/o-aeroporto-de-ilheus-escreveu-nota-esclarecendo-a-morte-de-um-passageiro-nas-dependecia-do-local\/","title":{"rendered":"O aeroporto de Ilh\u00e9us escreveu nota esclarecendo a morte de um passageiro nas depend\u00eacia do local."},"content":{"rendered":"<h3><img src=\"https:\/\/www.correiodascidades.com.br\/v1\/wp-content\/uploads\/2023\/05\/OIP.jpg\" \/><\/h3>\n<h3 class=\"post-title entry-title\"><span style=\"font-size: 16px;\">Ap\u00f3s a divulga\u00e7\u00e3o da fatalidade no Aeroporto Jorge Amado situado em Ilh\u00e9us, a assessoria de comunica\u00e7\u00e3o nos enviou uma nota atualizada com as informa\u00e7\u00f5es sobre a morte de um homem dentro do aeroporto. <\/span><b style=\"font-size: 16px;\"><a href=\"https:\/\/www.verdinhoitabuna.blog.br\/2023\/05\/idoso-morre-em-corredor-de-aeroporto-em.html\" target=\"_blank\" rel=\"noopener\">(Entenda sobre o caso aqui)<\/a><\/b><\/h3>\n<div id=\"post-body-4264744390487143741\" class=\"post-body entry-content\">\n<div><\/div>\n<div><\/div>\n<div>\n<div><b>Confira nota abaixo:<\/b><\/div>\n<\/div>\n<p>&nbsp;<\/p>\n<p>&#8220;Ontem, por volta das 13h um passageiro\u00a0com embarque agendado para a tarde desta sexta-feira (05), recebeu atendimento por parte de cinco Bombeiros Socorristas do Aeroporto, ap\u00f3s se sentir mal na via de acesso ao terminal. Foram acionados \u00e0s 13h13 e o atendimento iniciou \u00e0s 13h15. Ao verificar a aus\u00eancia de pulso, a equipe come\u00e7ou uma s\u00e9rie de procedimentos que inclui ciclos de ressuscita\u00e7\u00e3o cardiopulmonar (RCP), massagem card\u00edaca, uso de desfibrilador externo autom\u00e1tico (DEA) e oxig\u00eanio medicinal.&#8221;<\/p>\n<p>Em paralelo, o Aeroporto estabeleceu contato com o SAMU, sendo atestado o \u00f3bito minutos ap\u00f3s chegada ao local. Causa da morte n\u00e3o informada.<\/p>\n<p>&#8220;O Aeroporto, portanto, n\u00e3o \u00e9 respons\u00e1vel pelo ocorrido, visto que a sa\u00fade do passageiro \u00e9 responsabilidade dele mesmo. A Concession\u00e1ria lamenta a situa\u00e7\u00e3o e presta solidariedade a todos os familiares.&#8221; &#8211; relata a SICOM, atrav\u00e9s da assessora de comunica\u00e7\u00e3o. <img loading=\"lazy\" class=\"\" src=\"https:\/\/blogger.googleusercontent.com\/img\/a\/AVvXsEjUuyEDjn1mPWHB_dpgJHkLexjVtEhRcFLI3O1IHTZZ5la5vXhPfwZtDfOb1teQuScu-sCDypZnrxuIr5Duk3R9tXZd8qaBiBrav9BB1aydcSbSQLcoDUz9M4Xc3VFJLnBLv8VipTNj_njt9aWtAdEftR4dWjnWZbPmKegKNtIbQ_XEJ4iFvCgIZWM1XA=w508-h359\" width=\"337\" height=\"238\" \/><\/p>\n<p>Caso queira realizar alguma den\u00fancia, a Ouvidoria da regula\u00e7\u00e3o \u00e9 feita por meio de uma liga\u00e7\u00e3o gratuita para Central de Atendimento no n\u00famero 163 que funciona diariamente das 8h \u00e0s 20h e atende nos idiomas portugu\u00eas, ingl\u00eas ou espanhol, ou pelo chat,\u00a0 clique\u00a0<a href=\"https:\/\/sac-anac.ascbrazil.com.br\/Chat\/id\/ANAC\/complementar\/ANAC\" target=\"_blank\" rel=\"noopener\">aqui<\/a>.<\/p>\n<p>Conhe\u00e7a a\u00a0<a href=\"https:\/\/www2.senado.leg.br\/bdsf\/bitstream\/handle\/id\/243162\/direitos_passageiros_aereos_.pdf?sequence=4&amp;isAllowed=y\" target=\"_blank\" rel=\"noopener\">cartilha<\/a>\u00a0do passageiro.<\/p>\n<\/div>\n","protected":false},"excerpt":{"rendered":"<p>Ap\u00f3s a divulga\u00e7\u00e3o da fatalidade no Aeroporto Jorge Amado situado em Ilh\u00e9us, a assessoria de comunica\u00e7\u00e3o nos enviou uma nota atualizada com as informa\u00e7\u00f5es sobre a morte de um homem dentro do aeroporto. (Entenda sobre o caso aqui) Confira nota abaixo: &nbsp; &#8220;Ontem, por volta das 13h um passageiro\u00a0com embarque agendado para a tarde desta [&hellip;]<\/p>\n","protected":false},"author":3,"featured_media":4735,"comment_status":"closed","ping_status":"closed","sticky":false,"template":"","format":"standard","meta":{"_links_to":"","_links_to_target":""},"categories":[2],"tags":[],"_links":{"self":[{"href":"https:\/\/www.correiodascidades.com.br\/v1\/wp-json\/wp\/v2\/posts\/4734"}],"collection":[{"href":"https:\/\/www.correiodascidades.com.br\/v1\/wp-json\/wp\/v2\/posts"}],"about":[{"href":"https:\/\/www.correiodascidades.com.br\/v1\/wp-json\/wp\/v2\/types\/post"}],"author":[{"embeddable":true,"href":"https:\/\/www.correiodascidades.com.br\/v1\/wp-json\/wp\/v2\/users\/3"}],"replies":[{"embeddable":true,"href":"https:\/\/www.correiodascidades.com.br\/v1\/wp-json\/wp\/v2\/comments?post=4734"}],"version-history":[{"count":1,"href":"https:\/\/www.correiodascidades.com.br\/v1\/wp-json\/wp\/v2\/posts\/4734\/revisions"}],"predecessor-version":[{"id":4736,"href":"https:\/\/www.correiodascidades.com.br\/v1\/wp-json\/wp\/v2\/posts\/4734\/revisions\/4736"}],"wp:featuredmedia":[{"embeddable":true,"href":"https:\/\/www.correiodascidades.com.br\/v1\/wp-json\/wp\/v2\/media\/4735"}],"wp:attachment":[{"href":"https:\/\/www.correiodascidades.com.br\/v1\/wp-json\/wp\/v2\/media?parent=4734"}],"wp:term":[{"taxonomy":"category","embeddable":true,"href":"https:\/\/www.correiodascidades.com.br\/v1\/wp-json\/wp\/v2\/categories?post=4734"},{"taxonomy":"post_tag","embeddable":true,"href":"https:\/\/www.correiodascidades.com.br\/v1\/wp-json\/wp\/v2\/tags?post=4734"}],"curies":[{"name":"wp","href":"https:\/\/api.w.org\/{rel}","templated":true}]}}