{"id":4740,"date":"2023-05-07T04:13:56","date_gmt":"2023-05-07T07:13:56","guid":{"rendered":"https:\/\/www.correiodascidades.com.br\/v1\/?p=4740"},"modified":"2023-05-07T04:13:56","modified_gmt":"2023-05-07T07:13:56","slug":"lula-esbanja-em-hotel-de-luxo-e-comitiva-gigante","status":"publish","type":"post","link":"https:\/\/www.correiodascidades.com.br\/v1\/2023\/05\/07\/lula-esbanja-em-hotel-de-luxo-e-comitiva-gigante\/","title":{"rendered":"Lula esbanja em hotel de luxo e comitiva gigante"},"content":{"rendered":"<p><img src=\"https:\/\/www.correiodascidades.com.br\/v1\/wp-content\/uploads\/2023\/05\/bbca5a97-grosvenor-house-hotel-_1_.jpg\" \/><\/p>\n<p><span class=\"dropcap \">A <\/span>ida do presidente Lula e da primeira-dama Janja para a coroa\u00e7\u00e3o do rei Charles III, em Londres (Inglaterra), chamou aten\u00e7\u00e3o pelas exig\u00eancias da comitiva presidencial. O exclusiv\u00edssimo hotel, dividido tamb\u00e9m com a coroa holandesa e com a primeira-dama dos Estados Unidos, Jill Biden, tem a \u201csu\u00edte real\u201d pela bagatela de R$95 mil. O quartinho mais barato, em cota\u00e7\u00e3o fora do dia do evento da realeza, custa R$3,5 mil. A comitiva de Lula reservou um andar inteiro, estima-se que s\u00e3o cerca de 100 quartos.<\/p>\n<div class=\"notas\">\n<div id=\"Nota-2\" class=\"entry-block ch-nota Nota-2\">\n<h3>O rei sou eu<\/h3>\n<\/div>\n<p>Fonte do governo confirma: s\u00f3 a su\u00edte de Lula custa R$40 mil por dia. O pagador de impostos brasileiro vai bancar R$120 mil para o casal petista.<\/p>\n<div id=\"Nota-3\" class=\"entry-block ch-nota Nota-3\">\n<h3>Nem a\u00ed<\/h3>\n<\/div>\n<p>A coroa\u00e7\u00e3o ocorrer\u00e1 na Abadia de Westminster. Pertinho de l\u00e1, cerca de 2,5km, est\u00e1 a Embaixada do Brasil em Londres, \u00e0 disposi\u00e7\u00e3o de Lula.<\/p>\n<\/div>\n<div id=\"Nota-4\" class=\"entry-block ch-nota Nota-4\">\n<h3>Ostenta\u00e7\u00e3o<\/h3>\n<\/div>\n<p>No desembarque, Janja, que adora ostentar, j\u00e1 mostrou que em Londres n\u00e3o seria diferente. Desceu com a bolsa Celine, avaliada em R$21,4 mil.<\/p>\n<div id=\"Nota-5\" class=\"entry-block ch-nota Nota-5\">\n<h3>Quase meio s\u00e9culo<\/h3>\n<\/div>\n<p>Quem recebe um sal\u00e1rio-m\u00ednimo e quer usar o reajuste de R$18 para bancar a luxuosa su\u00edte, basta economizar a merreca por 458 anos.<\/p>\n","protected":false},"excerpt":{"rendered":"<p>A ida do presidente Lula e da primeira-dama Janja para a coroa\u00e7\u00e3o do rei Charles III, em Londres (Inglaterra), chamou aten\u00e7\u00e3o pelas exig\u00eancias da comitiva presidencial. O exclusiv\u00edssimo hotel, dividido tamb\u00e9m com a coroa holandesa e com a primeira-dama dos Estados Unidos, Jill Biden, tem a \u201csu\u00edte real\u201d pela bagatela de R$95 mil. O quartinho [&hellip;]<\/p>\n","protected":false},"author":3,"featured_media":4741,"comment_status":"closed","ping_status":"closed","sticky":false,"template":"","format":"standard","meta":{"_links_to":"","_links_to_target":""},"categories":[2],"tags":[],"_links":{"self":[{"href":"https:\/\/www.correiodascidades.com.br\/v1\/wp-json\/wp\/v2\/posts\/4740"}],"collection":[{"href":"https:\/\/www.correiodascidades.com.br\/v1\/wp-json\/wp\/v2\/posts"}],"about":[{"href":"https:\/\/www.correiodascidades.com.br\/v1\/wp-json\/wp\/v2\/types\/post"}],"author":[{"embeddable":true,"href":"https:\/\/www.correiodascidades.com.br\/v1\/wp-json\/wp\/v2\/users\/3"}],"replies":[{"embeddable":true,"href":"https:\/\/www.correiodascidades.com.br\/v1\/wp-json\/wp\/v2\/comments?post=4740"}],"version-history":[{"count":1,"href":"https:\/\/www.correiodascidades.com.br\/v1\/wp-json\/wp\/v2\/posts\/4740\/revisions"}],"predecessor-version":[{"id":4742,"href":"https:\/\/www.correiodascidades.com.br\/v1\/wp-json\/wp\/v2\/posts\/4740\/revisions\/4742"}],"wp:featuredmedia":[{"embeddable":true,"href":"https:\/\/www.correiodascidades.com.br\/v1\/wp-json\/wp\/v2\/media\/4741"}],"wp:attachment":[{"href":"https:\/\/www.correiodascidades.com.br\/v1\/wp-json\/wp\/v2\/media?parent=4740"}],"wp:term":[{"taxonomy":"category","embeddable":true,"href":"https:\/\/www.correiodascidades.com.br\/v1\/wp-json\/wp\/v2\/categories?post=4740"},{"taxonomy":"post_tag","embeddable":true,"href":"https:\/\/www.correiodascidades.com.br\/v1\/wp-json\/wp\/v2\/tags?post=4740"}],"curies":[{"name":"wp","href":"https:\/\/api.w.org\/{rel}","templated":true}]}}