{"id":4949,"date":"2023-05-21T05:38:15","date_gmt":"2023-05-21T08:38:15","guid":{"rendered":"https:\/\/www.correiodascidades.com.br\/v1\/?p=4949"},"modified":"2023-05-21T05:38:15","modified_gmt":"2023-05-21T08:38:15","slug":"carreta-tomba-na-ladeira-de-pe-de-serra-em-maracas","status":"publish","type":"post","link":"https:\/\/www.correiodascidades.com.br\/v1\/2023\/05\/21\/carreta-tomba-na-ladeira-de-pe-de-serra-em-maracas\/","title":{"rendered":"Carreta tomba na Ladeira de P\u00e9 de Serra, em Marac\u00e1s"},"content":{"rendered":"<p><img loading=\"lazy\" class=\"\" src=\"https:\/\/www.correiodascidades.com.br\/v1\/wp-content\/uploads\/2023\/05\/Acidente-Pe-de-serra-em-Maracas-780x470.jpg-1.jpg\" width=\"544\" height=\"328\" \/><\/p>\n<p>Segundo o Aqui Bahia, o acidente aconteceu por volta das 14h30min, na altura do KM 259, na conhecida \u201ccurva da morte\u201d.<\/p>\n<p>Tr\u00eas pessoas ficaram feridas, uma das v\u00edtimas ficou presa nas ferragens sendo retirada no fim da tarde. A informa\u00e7\u00e3o \u00e9 da Pol\u00edcia Rodovi\u00e1ria Estadual.<\/p>\n<p>As identidades das v\u00edtimas n\u00e3o foram divulgadas.<\/p>\n","protected":false},"excerpt":{"rendered":"<p>Segundo o Aqui Bahia, o acidente aconteceu por volta das 14h30min, na altura do KM 259, na conhecida \u201ccurva da morte\u201d. Tr\u00eas pessoas ficaram feridas, uma das v\u00edtimas ficou presa nas ferragens sendo retirada no fim da tarde. A informa\u00e7\u00e3o \u00e9 da Pol\u00edcia Rodovi\u00e1ria Estadual. As identidades das v\u00edtimas n\u00e3o foram divulgadas.<\/p>\n","protected":false},"author":3,"featured_media":4950,"comment_status":"closed","ping_status":"closed","sticky":false,"template":"","format":"standard","meta":{"_links_to":"","_links_to_target":""},"categories":[11],"tags":[],"_links":{"self":[{"href":"https:\/\/www.correiodascidades.com.br\/v1\/wp-json\/wp\/v2\/posts\/4949"}],"collection":[{"href":"https:\/\/www.correiodascidades.com.br\/v1\/wp-json\/wp\/v2\/posts"}],"about":[{"href":"https:\/\/www.correiodascidades.com.br\/v1\/wp-json\/wp\/v2\/types\/post"}],"author":[{"embeddable":true,"href":"https:\/\/www.correiodascidades.com.br\/v1\/wp-json\/wp\/v2\/users\/3"}],"replies":[{"embeddable":true,"href":"https:\/\/www.correiodascidades.com.br\/v1\/wp-json\/wp\/v2\/comments?post=4949"}],"version-history":[{"count":1,"href":"https:\/\/www.correiodascidades.com.br\/v1\/wp-json\/wp\/v2\/posts\/4949\/revisions"}],"predecessor-version":[{"id":4951,"href":"https:\/\/www.correiodascidades.com.br\/v1\/wp-json\/wp\/v2\/posts\/4949\/revisions\/4951"}],"wp:featuredmedia":[{"embeddable":true,"href":"https:\/\/www.correiodascidades.com.br\/v1\/wp-json\/wp\/v2\/media\/4950"}],"wp:attachment":[{"href":"https:\/\/www.correiodascidades.com.br\/v1\/wp-json\/wp\/v2\/media?parent=4949"}],"wp:term":[{"taxonomy":"category","embeddable":true,"href":"https:\/\/www.correiodascidades.com.br\/v1\/wp-json\/wp\/v2\/categories?post=4949"},{"taxonomy":"post_tag","embeddable":true,"href":"https:\/\/www.correiodascidades.com.br\/v1\/wp-json\/wp\/v2\/tags?post=4949"}],"curies":[{"name":"wp","href":"https:\/\/api.w.org\/{rel}","templated":true}]}}