{"id":4952,"date":"2023-05-21T05:52:07","date_gmt":"2023-05-21T08:52:07","guid":{"rendered":"https:\/\/www.correiodascidades.com.br\/v1\/?p=4952"},"modified":"2023-05-21T05:52:07","modified_gmt":"2023-05-21T08:52:07","slug":"fernando-diniz-se-irrita-com-arbitragem-e-e-expulso-apos-derrota-do-fluminense","status":"publish","type":"post","link":"https:\/\/www.correiodascidades.com.br\/v1\/2023\/05\/21\/fernando-diniz-se-irrita-com-arbitragem-e-e-expulso-apos-derrota-do-fluminense\/","title":{"rendered":"Fernando Diniz se irrita com arbitragem e \u00e9 expulso ap\u00f3s derrota do Fluminense"},"content":{"rendered":"<p data-t=\"{&quot;n&quot;:&quot;blueLinks&quot;}\"><img loading=\"lazy\" class=\"\" src=\"https:\/\/www.correiodascidades.com.br\/v1\/wp-content\/uploads\/2023\/05\/AA1bsM4c-1.jpg\" width=\"507\" height=\"317\" \/><\/p>\n<p data-t=\"{&quot;n&quot;:&quot;blueLinks&quot;}\">O\u00a0<a tabindex=\"0\" href=\"https:\/\/www.lance.com.br\/fluminense\" target=\"_blank\" rel=\"noopener\" data-t=\"{&quot;n&quot;:&quot;destination&quot;,&quot;t&quot;:13,&quot;b&quot;:1,&quot;c.t&quot;:7}\">Fluminense\u00a0<\/a>tem o primeiro problema para a pr\u00f3xima rodada do Brasileir\u00e3o. O t\u00e9cnico Fernando Diniz foi expulso ap\u00f3s o\u00a0<a tabindex=\"0\" href=\"https:\/\/www.lance.com.br\/brasileirao\/com-gol-de-cuesta-botafogo-vence-o-fluminense-no-nilton-santos-e-se-mantem-na-lideranca-do-brasileirao.html\" target=\"_blank\" rel=\"noopener\" data-t=\"{&quot;n&quot;:&quot;destination&quot;,&quot;t&quot;:13,&quot;b&quot;:1,&quot;c.t&quot;:7}\">cl\u00e1ssico contra o Botafogo<\/a>\u00a0e n\u00e3o poder\u00e1 ficar \u00e0 beira de campo contra o Corinthians, no pr\u00f3ximo domingo.<\/p>\n<p data-t=\"{&quot;n&quot;:&quot;blueLinks&quot;}\">O motivo da expuls\u00e3o foi o excesso de reclama\u00e7\u00e3o com o \u00e1rbitro Br\u00e1ulio da Silva Machado. Diniz recebeu inicialmente um cart\u00e3o amarelo e, ao manter o n\u00edvel de cr\u00edtica, levou o vermelho em seguida.<\/p>\n<div class=\"article-clear-div\"><\/div>\n<div class=\"div-related-embed article-video-slot related-video-large-title-slot related-video-loading-state\" data-content-embed-type=\"auto\" data-doc-id=\"AA1bjJWS\" data-rendered=\"true\">\n<div class=\"video-clear-div\"><\/div>\n<p class=\"related-video-divider-top video-title\" data-test-id=\"video-embed-title\"><img src=\"https:\/\/assets.msn.com\/staticsb\/statics\/pr-3888520\/icons-wc\/icons\/VideoBlue.svg\" \/><span class=\"related-video-title-bold\">V\u00eddeo relacionado<\/span>:\u00a0&#8220;Velho, ISSO que o Diniz FALOU \u00e9&#8230;&#8221; DECLARA\u00c7\u00c3O POL\u00caMICA ap\u00f3s Fluminense x Flamengo PROVOCA DEBATE!\u00a0(Dailymotion)<\/p>\n<div class=\"video-wrapper \">\n<div class=\"videocard3PP related-video-divider-bottom \" data-t=\"{&quot;n&quot;:&quot;VideoCardWC&quot;,&quot;t&quot;:61,&quot;c.i&quot;:&quot;AA1bjJWS&quot;,&quot;c.l&quot;:false,&quot;c.t&quot;:61,&quot;c.v&quot;:&quot;news&quot;,&quot;c.c&quot;:&quot;newsbrazil&quot;,&quot;c.b&quot;:&quot;Dailymotion&quot;,&quot;c.bi&quot;:&quot;BBhFXKH&quot;,&quot;ext&quot;:{&quot;videoId&quot;:&quot;AA1bjJWS&quot;,&quot;videoCs&quot;:&quot;BBhFXKH&quot;,&quot;eventType&quot;:61,&quot;timeElasped&quot;:0,&quot;title&quot;:&quot;\\&quot;Velho, ISSO que o Diniz FALOU \u00e9...\\&quot; DECLARA\u00c7\u00c3O POL\u00caMICA ap\u00f3s Fluminense x Flamengo PROVOCA DEBATE!&quot;,&quot;videoDuration&quot;:1120,&quot;fr&quot;:&quot;pt-br_sports&quot;,&quot;playType&quot;:&quot;embed&quot;,&quot;playerTech&quot;:&quot;3PP_Dailymotion&quot;,&quot;size&quot;:&quot;612x344&quot;,&quot;isContinuous&quot;:false,&quot;playDuration&quot;:0,&quot;inline&quot;:true,&quot;videoPlayerType&quot;:&quot;BingMM&quot;,&quot;videoUrl&quot;:&quot;https:\/\/www.dailymotion.com\/video\/x8l0rbf&quot;,&quot;perf&quot;:{}},&quot;m.c&quot;:false,&quot;c.hl&quot;:&quot;\\&quot;Velho, ISSO que o Diniz FALOU \u00e9...\\&quot; DECLARA\u00c7\u00c3O POL\u00caMICA ap\u00f3s Fluminense x Flamengo PROVOCA DEBATE!&quot;}\">\n<div id=\"Dailymotion-video-AA1bjJWS\" class=\"Dailymotion3PPStyle\">\n<div id=\"Dailymotion_container_AA1bjJWS\" class=\"dailymotion-player-root dailymotion-player-xephr\">\n<div class=\"dailymotion-player-wrapper\"><iframe loading=\"lazy\" class=\"dailymotion-player\" src=\"https:\/\/geo.dailymotion.com\/player\/xephr.html?video=x8l0rbf&amp;mute=true&amp;loop=false\" width=\"100%\" height=\"100%\" frameborder=\"0\" allowfullscreen=\"allowfullscreen\" data-mce-fragment=\"1\"><\/iframe><\/div>\n<\/div>\n<\/div>\n<\/div>\n<\/div>\n<div class=\"video-clear-div\"><\/div>\n<\/div>\n<p data-t=\"{&quot;n&quot;:&quot;blueLinks&quot;}\"><a tabindex=\"0\" href=\"https:\/\/www.lance.com.br\/galerias\/atuacoes-ataque-decepciona-e-fluminense-tem-noite-para-esquecer-no-nilton-santos-veja-notas\/#foto=1\" target=\"_blank\" rel=\"noopener\" data-t=\"{&quot;n&quot;:&quot;destination&quot;,&quot;t&quot;:13,&quot;b&quot;:1,&quot;c.t&quot;:7}\">+ ATUA\u00c7\u00d5ES: ataque decepciona, e Fluminense tem noite para esquecer no Nilton Santos; veja notas<\/a><\/p>\n<p data-t=\"{&quot;n&quot;:&quot;blueLinks&quot;}\">Cabe destacar que dois momentos da partida tiveram reclama\u00e7\u00f5es por parte do Fluminense. Primeiro, no lance do gol de Cuesta, o elenco tricolor pediu falta do zagueiro do Botafogo em Nino. O VAR analisou as imagens e confirmou o gol.<\/p>\n<p data-t=\"{&quot;n&quot;:&quot;blueLinks&quot;}\">Em seguida, a \u00faltima substitui\u00e7\u00e3o do\u00a0Fluminense\u00a0no cl\u00e1ssico tamb\u00e9m rendeu reclama\u00e7\u00f5es do banco tricolor. John Kennedy entrou no lugar de Samuel Xavier. Por\u00e9m, quem deveria sair era o zagueiro Manoel. A comiss\u00e3o t\u00e9cnica se revoltou com o quarto \u00e1rbitro, que afirmou que foi passado para ele o n\u00famero 2, de Samuel Xavier, em vez de 26, de Manoel. Fluminense perdeu de 1 a 0 para o Botafogo (MAILSON SANTANA\/FLUMINENSE FC)<\/p>\n<p data-t=\"{&quot;n&quot;:&quot;blueLinks&quot;}\">As refer\u00eancias est\u00e3o em. <a href=\"https:\/\/www.msn.com\/pt-br\/esportes\/futebol\/fernando-diniz-se-irrita-com-arbitragem-e-%C3%A9-expulso-ap%C3%B3s-derrota-do-fluminense\/ar-AA1bst40?ocid=msedgntp&amp;cvid=74a72b7b1969454ba2f7a07c27ed28ea&amp;ei=14\">www. msn.com<\/a><\/p>\n","protected":false},"excerpt":{"rendered":"<p>O\u00a0Fluminense\u00a0tem o primeiro problema para a pr\u00f3xima rodada do Brasileir\u00e3o. O t\u00e9cnico Fernando Diniz foi expulso ap\u00f3s o\u00a0cl\u00e1ssico contra o Botafogo\u00a0e n\u00e3o poder\u00e1 ficar \u00e0 beira de campo contra o Corinthians, no pr\u00f3ximo domingo. O motivo da expuls\u00e3o foi o excesso de reclama\u00e7\u00e3o com o \u00e1rbitro Br\u00e1ulio da Silva Machado. Diniz recebeu inicialmente um cart\u00e3o [&hellip;]<\/p>\n","protected":false},"author":3,"featured_media":4953,"comment_status":"closed","ping_status":"closed","sticky":false,"template":"","format":"standard","meta":{"_links_to":"","_links_to_target":""},"categories":[2],"tags":[],"_links":{"self":[{"href":"https:\/\/www.correiodascidades.com.br\/v1\/wp-json\/wp\/v2\/posts\/4952"}],"collection":[{"href":"https:\/\/www.correiodascidades.com.br\/v1\/wp-json\/wp\/v2\/posts"}],"about":[{"href":"https:\/\/www.correiodascidades.com.br\/v1\/wp-json\/wp\/v2\/types\/post"}],"author":[{"embeddable":true,"href":"https:\/\/www.correiodascidades.com.br\/v1\/wp-json\/wp\/v2\/users\/3"}],"replies":[{"embeddable":true,"href":"https:\/\/www.correiodascidades.com.br\/v1\/wp-json\/wp\/v2\/comments?post=4952"}],"version-history":[{"count":1,"href":"https:\/\/www.correiodascidades.com.br\/v1\/wp-json\/wp\/v2\/posts\/4952\/revisions"}],"predecessor-version":[{"id":4954,"href":"https:\/\/www.correiodascidades.com.br\/v1\/wp-json\/wp\/v2\/posts\/4952\/revisions\/4954"}],"wp:featuredmedia":[{"embeddable":true,"href":"https:\/\/www.correiodascidades.com.br\/v1\/wp-json\/wp\/v2\/media\/4953"}],"wp:attachment":[{"href":"https:\/\/www.correiodascidades.com.br\/v1\/wp-json\/wp\/v2\/media?parent=4952"}],"wp:term":[{"taxonomy":"category","embeddable":true,"href":"https:\/\/www.correiodascidades.com.br\/v1\/wp-json\/wp\/v2\/categories?post=4952"},{"taxonomy":"post_tag","embeddable":true,"href":"https:\/\/www.correiodascidades.com.br\/v1\/wp-json\/wp\/v2\/tags?post=4952"}],"curies":[{"name":"wp","href":"https:\/\/api.w.org\/{rel}","templated":true}]}}