{"id":4964,"date":"2023-05-21T20:14:06","date_gmt":"2023-05-21T23:14:06","guid":{"rendered":"https:\/\/www.correiodascidades.com.br\/v1\/?p=4964"},"modified":"2023-05-21T20:14:06","modified_gmt":"2023-05-21T23:14:06","slug":"flamengo-faz-gol-no-fim-e-vence-o-corinthians-no-maracana","status":"publish","type":"post","link":"https:\/\/www.correiodascidades.com.br\/v1\/2023\/05\/21\/flamengo-faz-gol-no-fim-e-vence-o-corinthians-no-maracana\/","title":{"rendered":"Flamengo faz gol no fim e vence o Corinthians no Maracan\u00e3"},"content":{"rendered":"<p><img loading=\"lazy\" class=\"\" src=\"https:\/\/www.correiodascidades.com.br\/v1\/wp-content\/uploads\/2023\/05\/168470330687fb44dd64c09ba2791e7d7b693386b0-1.jpg\" width=\"500\" height=\"417\" \/><\/p>\n<p><span class=\"dropcap \">O <\/span>Corinthians lutou, mas acabou sendo derrotado pelo Flamengo por 1 a 0 neste domingo, no Maracan\u00e3, pela s\u00e9tima rodada do Brasileir\u00e3o. O \u00fanico gol da partida foi de L\u00e9o Pereira, aos 48 minutos do segundo tempo.<\/p>\n<p>Com o resultado, o Corinthians ficou na zona de rebaixamento, com cinco pontos. O Flamengo, por sua vez, subiu para sexto, com 12.<\/p>\n<p>O Flamengo apostou em uma press\u00e3o inicial para tentar surpreender o Corinthians. Gabigol recebeu de Pulgar, ajeitou para o p\u00e9 esquerdo e chutou. Bruno M\u00e9ndez fez o corte no momento correto.<\/p>\n<p>O Corinthians foi crescendo aos poucos e chegou com muito perigo aos 28 minutos. Adson recebeu de Paulinho e lan\u00e7ou R\u00f3ger Guedes. O atacante chutou cruzado, a bola atravessou toda a \u00e1rea e quase chegou em Yuri Alberto, que se esticou todo, mas n\u00e3o conseguiu empurrar para o gol.<\/p>\n<p>No segundo tempo, foi a vez do Corinthians ir para cima. Logo aos tr\u00eas minutos, Yuri Alberto exigiu boa defesa de Santos. No rebote, Paulinho tentou de bicicleta e fez a bola chegar em R\u00f3ger Guedes, que carimbou a defesa rubro-negra.<\/p>\n<p>Aos oito minutos, Yuri Alberto aproveitou um corte errado de Thiago Maia e cabeceou para fora. O Corinthians teve a chance de confirmar a vit\u00f3ria, mas deu chance para o Flamengo, que marcou aos 48. \u00c9verton Cebolinha recebeu de Gerson e colocou a bola na cabe\u00e7a de L\u00e9o Pereira. O zagueiro, que estava machucado e por isso jogava de centroavante, subiu sozinho para fazer 1 a 0.<\/p>\n<p>Na pr\u00f3xima rodada, o Corinthians enfrenta o Fluminense no domingo, \u00e0s 16h, na Neo Qu\u00edmica Arena, em S\u00e3o Paulo. No s\u00e1bado, \u00e0s 18h30, o Flamengo pega o Cruzeiro, no Maracan\u00e3, no Rio de Janeiro.<\/p>\n","protected":false},"excerpt":{"rendered":"<p>O Corinthians lutou, mas acabou sendo derrotado pelo Flamengo por 1 a 0 neste domingo, no Maracan\u00e3, pela s\u00e9tima rodada do Brasileir\u00e3o. O \u00fanico gol da partida foi de L\u00e9o Pereira, aos 48 minutos do segundo tempo. Com o resultado, o Corinthians ficou na zona de rebaixamento, com cinco pontos. O Flamengo, por sua vez, [&hellip;]<\/p>\n","protected":false},"author":3,"featured_media":4965,"comment_status":"closed","ping_status":"closed","sticky":false,"template":"","format":"standard","meta":{"_links_to":"","_links_to_target":""},"categories":[1],"tags":[],"_links":{"self":[{"href":"https:\/\/www.correiodascidades.com.br\/v1\/wp-json\/wp\/v2\/posts\/4964"}],"collection":[{"href":"https:\/\/www.correiodascidades.com.br\/v1\/wp-json\/wp\/v2\/posts"}],"about":[{"href":"https:\/\/www.correiodascidades.com.br\/v1\/wp-json\/wp\/v2\/types\/post"}],"author":[{"embeddable":true,"href":"https:\/\/www.correiodascidades.com.br\/v1\/wp-json\/wp\/v2\/users\/3"}],"replies":[{"embeddable":true,"href":"https:\/\/www.correiodascidades.com.br\/v1\/wp-json\/wp\/v2\/comments?post=4964"}],"version-history":[{"count":1,"href":"https:\/\/www.correiodascidades.com.br\/v1\/wp-json\/wp\/v2\/posts\/4964\/revisions"}],"predecessor-version":[{"id":4966,"href":"https:\/\/www.correiodascidades.com.br\/v1\/wp-json\/wp\/v2\/posts\/4964\/revisions\/4966"}],"wp:featuredmedia":[{"embeddable":true,"href":"https:\/\/www.correiodascidades.com.br\/v1\/wp-json\/wp\/v2\/media\/4965"}],"wp:attachment":[{"href":"https:\/\/www.correiodascidades.com.br\/v1\/wp-json\/wp\/v2\/media?parent=4964"}],"wp:term":[{"taxonomy":"category","embeddable":true,"href":"https:\/\/www.correiodascidades.com.br\/v1\/wp-json\/wp\/v2\/categories?post=4964"},{"taxonomy":"post_tag","embeddable":true,"href":"https:\/\/www.correiodascidades.com.br\/v1\/wp-json\/wp\/v2\/tags?post=4964"}],"curies":[{"name":"wp","href":"https:\/\/api.w.org\/{rel}","templated":true}]}}