{"id":5096,"date":"2023-05-29T22:37:11","date_gmt":"2023-05-30T01:37:11","guid":{"rendered":"https:\/\/www.correiodascidades.com.br\/v1\/?p=5096"},"modified":"2023-05-29T22:40:30","modified_gmt":"2023-05-30T01:40:30","slug":"ilheus-embasa-informa-que-vai-faltar-agua-na-cidade-nesta-quarta-feira-31-veja-os-locais","status":"publish","type":"post","link":"https:\/\/www.correiodascidades.com.br\/v1\/2023\/05\/29\/ilheus-embasa-informa-que-vai-faltar-agua-na-cidade-nesta-quarta-feira-31-veja-os-locais\/","title":{"rendered":"ILH\u00c9US: Embasa informa que vai faltar \u00e1gua na cidade nesta quarta feira (31). Veja os locais."},"content":{"rendered":"<p><img loading=\"lazy\" class=\"\" src=\"https:\/\/www.correiodascidades.com.br\/v1\/wp-content\/uploads\/2023\/05\/transferir.jpg\" width=\"547\" height=\"364\" \/><\/p>\n<p>O n\u00facleo diretivo e operacional da empresa de Saneamento de \u00e1gua avisa que o liquido ir\u00e1 ficar ausente das torneiras de casa das pessoas, nesta quarta feira, apartir d\u00e1s 14h, nos seguinte locais.<\/p>\n<p>Lado Oeste da cidade, Zona Norte de modo em geral, o motivo do interrompimento se d\u00e1 por conta \u00a0da falta de energia por parte da Coelba que ir\u00e1 fazer mudan\u00e7as e a\u00e7\u00f5es de trabalho em suas redes nestas localidades.<\/p>\n<p>A embasa avisa ainda que o retorno acontecer\u00e1 no mesmo dia 31 \u00e1s 18h.<\/p>\n<p>O setor de informa\u00e7\u00e3o recomenda o uso nacionalizante do produto em todos sentidos.<\/p>\n<p>&nbsp;<\/p>\n","protected":false},"excerpt":{"rendered":"<p>O n\u00facleo diretivo e operacional da empresa de Saneamento de \u00e1gua avisa que o liquido ir\u00e1 ficar ausente das torneiras de casa das pessoas, nesta quarta feira, apartir d\u00e1s 14h, nos seguinte locais. Lado Oeste da cidade, Zona Norte de modo em geral, o motivo do interrompimento se d\u00e1 por conta \u00a0da falta de energia [&hellip;]<\/p>\n","protected":false},"author":3,"featured_media":5097,"comment_status":"closed","ping_status":"closed","sticky":false,"template":"","format":"standard","meta":{"_links_to":"","_links_to_target":""},"categories":[11,2],"tags":[],"_links":{"self":[{"href":"https:\/\/www.correiodascidades.com.br\/v1\/wp-json\/wp\/v2\/posts\/5096"}],"collection":[{"href":"https:\/\/www.correiodascidades.com.br\/v1\/wp-json\/wp\/v2\/posts"}],"about":[{"href":"https:\/\/www.correiodascidades.com.br\/v1\/wp-json\/wp\/v2\/types\/post"}],"author":[{"embeddable":true,"href":"https:\/\/www.correiodascidades.com.br\/v1\/wp-json\/wp\/v2\/users\/3"}],"replies":[{"embeddable":true,"href":"https:\/\/www.correiodascidades.com.br\/v1\/wp-json\/wp\/v2\/comments?post=5096"}],"version-history":[{"count":3,"href":"https:\/\/www.correiodascidades.com.br\/v1\/wp-json\/wp\/v2\/posts\/5096\/revisions"}],"predecessor-version":[{"id":5100,"href":"https:\/\/www.correiodascidades.com.br\/v1\/wp-json\/wp\/v2\/posts\/5096\/revisions\/5100"}],"wp:featuredmedia":[{"embeddable":true,"href":"https:\/\/www.correiodascidades.com.br\/v1\/wp-json\/wp\/v2\/media\/5097"}],"wp:attachment":[{"href":"https:\/\/www.correiodascidades.com.br\/v1\/wp-json\/wp\/v2\/media?parent=5096"}],"wp:term":[{"taxonomy":"category","embeddable":true,"href":"https:\/\/www.correiodascidades.com.br\/v1\/wp-json\/wp\/v2\/categories?post=5096"},{"taxonomy":"post_tag","embeddable":true,"href":"https:\/\/www.correiodascidades.com.br\/v1\/wp-json\/wp\/v2\/tags?post=5096"}],"curies":[{"name":"wp","href":"https:\/\/api.w.org\/{rel}","templated":true}]}}