{"id":5101,"date":"2023-05-29T22:46:30","date_gmt":"2023-05-30T01:46:30","guid":{"rendered":"https:\/\/www.correiodascidades.com.br\/v1\/?p=5101"},"modified":"2023-05-29T22:46:30","modified_gmt":"2023-05-30T01:46:30","slug":"ramisses-caridas-conquistou-o-campeonato-brasileiro-de-jiu-jitson-neste-final-de-semana","status":"publish","type":"post","link":"https:\/\/www.correiodascidades.com.br\/v1\/2023\/05\/29\/ramisses-caridas-conquistou-o-campeonato-brasileiro-de-jiu-jitson-neste-final-de-semana\/","title":{"rendered":"Ramisses Caridas, conquistou o campeonato Brasileiro de Jiu-Jitson neste final de semana"},"content":{"rendered":"<p><img loading=\"lazy\" class=\"\" src=\"https:\/\/www.correiodascidades.com.br\/v1\/wp-content\/uploads\/2023\/05\/8ce06abc-a7e6-4a1e-a9ee-7831b8f75f9c.jpg\" width=\"537\" height=\"546\" \/><\/p>\n<p>Neste s\u00e1bado,27\/05\/2023 .campeonato Brasileiro de Jiu-jitsu realizado pela Xcombat profissional.,no ginasio Tancred\u00e3o por volta das 10:30h na cidade de Vit\u00f3ria ES, o atleta Rameses C\u00e1ridas de jiu-jitsu faixa azul peso pena , natural de Ilh\u00e9us, treinado pelo Sensei Guilheme Fubuia Simetria Fight sagrou-se Campe\u00e3o Brasileiro de jiu-jitsu na cidade de Vit\u00f3ria ES, vencendo na final um outro baiano de Ilh\u00e9us que hoje mora em Vit\u00f3ria .mas sua infancia e adolescencia foi toda aqui em Ilheus.. Estudante de col\u00e9gio p\u00fablico e estagi\u00e1rio da escola Pequeno Pr\u00edncipe . O atleta agradece primeiramente a Deus e a todos que lhe ajudaram de uma forma ou de outra an\u00f4nima a chegar at\u00e9 aqui .Com o seu patrocinador Faculdade de Ilh\u00e9us e o apoio da Click Cosm\u00e9ticos, Mundo das 2 Rodas, Coti, Urolaser,VIP Academia, LR auto pe\u00e7as e todos os meios de comunicac\u00e3o. Sendo que no dia 21\/05 est\u00e1 em Recife-PE aonde fui bronze no Brasileiro de jiu-jitsu e com menos de uma semana estava em Vit\u00f3ria-ES no dia 27\/05 aonde fui campe\u00e3o \ud83c\udfc6 Brasileiro de jiu-jitsu .obrigado<\/p>\n","protected":false},"excerpt":{"rendered":"<p>Neste s\u00e1bado,27\/05\/2023 .campeonato Brasileiro de Jiu-jitsu realizado pela Xcombat profissional.,no ginasio Tancred\u00e3o por volta das 10:30h na cidade de Vit\u00f3ria ES, o atleta Rameses C\u00e1ridas de jiu-jitsu faixa azul peso pena , natural de Ilh\u00e9us, treinado pelo Sensei Guilheme Fubuia Simetria Fight sagrou-se Campe\u00e3o Brasileiro de jiu-jitsu na cidade de Vit\u00f3ria ES, vencendo na final [&hellip;]<\/p>\n","protected":false},"author":3,"featured_media":5102,"comment_status":"closed","ping_status":"closed","sticky":false,"template":"","format":"standard","meta":{"_links_to":"","_links_to_target":""},"categories":[11,2],"tags":[],"_links":{"self":[{"href":"https:\/\/www.correiodascidades.com.br\/v1\/wp-json\/wp\/v2\/posts\/5101"}],"collection":[{"href":"https:\/\/www.correiodascidades.com.br\/v1\/wp-json\/wp\/v2\/posts"}],"about":[{"href":"https:\/\/www.correiodascidades.com.br\/v1\/wp-json\/wp\/v2\/types\/post"}],"author":[{"embeddable":true,"href":"https:\/\/www.correiodascidades.com.br\/v1\/wp-json\/wp\/v2\/users\/3"}],"replies":[{"embeddable":true,"href":"https:\/\/www.correiodascidades.com.br\/v1\/wp-json\/wp\/v2\/comments?post=5101"}],"version-history":[{"count":1,"href":"https:\/\/www.correiodascidades.com.br\/v1\/wp-json\/wp\/v2\/posts\/5101\/revisions"}],"predecessor-version":[{"id":5103,"href":"https:\/\/www.correiodascidades.com.br\/v1\/wp-json\/wp\/v2\/posts\/5101\/revisions\/5103"}],"wp:featuredmedia":[{"embeddable":true,"href":"https:\/\/www.correiodascidades.com.br\/v1\/wp-json\/wp\/v2\/media\/5102"}],"wp:attachment":[{"href":"https:\/\/www.correiodascidades.com.br\/v1\/wp-json\/wp\/v2\/media?parent=5101"}],"wp:term":[{"taxonomy":"category","embeddable":true,"href":"https:\/\/www.correiodascidades.com.br\/v1\/wp-json\/wp\/v2\/categories?post=5101"},{"taxonomy":"post_tag","embeddable":true,"href":"https:\/\/www.correiodascidades.com.br\/v1\/wp-json\/wp\/v2\/tags?post=5101"}],"curies":[{"name":"wp","href":"https:\/\/api.w.org\/{rel}","templated":true}]}}