{"id":5104,"date":"2023-05-30T11:41:38","date_gmt":"2023-05-30T14:41:38","guid":{"rendered":"https:\/\/www.correiodascidades.com.br\/v1\/?p=5104"},"modified":"2023-05-30T11:41:38","modified_gmt":"2023-05-30T14:41:38","slug":"teto-da-condec-desaba-em-juazeiro","status":"publish","type":"post","link":"https:\/\/www.correiodascidades.com.br\/v1\/2023\/05\/30\/teto-da-condec-desaba-em-juazeiro\/","title":{"rendered":"Teto da CONDEC desaba em Juazeiro,"},"content":{"rendered":"<p><img loading=\"lazy\" class=\"\" src=\"https:\/\/www.correiodascidades.com.br\/v1\/wp-content\/uploads\/2023\/05\/teto-da-condec.png-CONDEC.jpeg\" width=\"606\" height=\"362\" \/><\/p>\n<p>Uma pessoa ficou nos escombros Uma pessoa foi retirada dos escombros com ferimentos leves.<\/p>\n<p>O teto da CONDEC Home Center, empresa de material de constru\u00e7\u00e3o, desabou em\u00a0<a href=\"https:\/\/midiabahia.com.br\/deputado-do-pt-reclama-da-distribuicao-de-cargos-em-juazeiro\/\" data-type=\"post\" data-id=\"8788316\">Juazeiro<\/a>, na manh\u00e3 desta ter\u00e7a-feira (30). Segundo informa\u00e7\u00f5es de populares, somente uma mulher ficou entre o escombros, ela foi socorrida com ferimentos leves.<\/p>\n<p>Segundo apurou o Informe Baiano, uma obra era realizada no local. No momento do desabamento, clientes e funcion\u00e1rios estavam na loja, que fica pr\u00f3xima ao Parque Lagoa de Calu.<\/p>\n<div class=\"stream-item stream-item-in-post stream-item-inline-post aligncenter\">Homens trabalhavam na instala\u00e7\u00e3o de placas de energia solar, mas o estado de sa\u00fade dele ainda n\u00e3o foram revelados.<\/div>\n<p>&nbsp;<\/p>\n","protected":false},"excerpt":{"rendered":"<p>Uma pessoa ficou nos escombros Uma pessoa foi retirada dos escombros com ferimentos leves. O teto da CONDEC Home Center, empresa de material de constru\u00e7\u00e3o, desabou em\u00a0Juazeiro, na manh\u00e3 desta ter\u00e7a-feira (30). Segundo informa\u00e7\u00f5es de populares, somente uma mulher ficou entre o escombros, ela foi socorrida com ferimentos leves. Segundo apurou o Informe Baiano, uma [&hellip;]<\/p>\n","protected":false},"author":3,"featured_media":5105,"comment_status":"closed","ping_status":"closed","sticky":false,"template":"","format":"standard","meta":{"_links_to":"","_links_to_target":""},"categories":[1],"tags":[],"_links":{"self":[{"href":"https:\/\/www.correiodascidades.com.br\/v1\/wp-json\/wp\/v2\/posts\/5104"}],"collection":[{"href":"https:\/\/www.correiodascidades.com.br\/v1\/wp-json\/wp\/v2\/posts"}],"about":[{"href":"https:\/\/www.correiodascidades.com.br\/v1\/wp-json\/wp\/v2\/types\/post"}],"author":[{"embeddable":true,"href":"https:\/\/www.correiodascidades.com.br\/v1\/wp-json\/wp\/v2\/users\/3"}],"replies":[{"embeddable":true,"href":"https:\/\/www.correiodascidades.com.br\/v1\/wp-json\/wp\/v2\/comments?post=5104"}],"version-history":[{"count":1,"href":"https:\/\/www.correiodascidades.com.br\/v1\/wp-json\/wp\/v2\/posts\/5104\/revisions"}],"predecessor-version":[{"id":5106,"href":"https:\/\/www.correiodascidades.com.br\/v1\/wp-json\/wp\/v2\/posts\/5104\/revisions\/5106"}],"wp:featuredmedia":[{"embeddable":true,"href":"https:\/\/www.correiodascidades.com.br\/v1\/wp-json\/wp\/v2\/media\/5105"}],"wp:attachment":[{"href":"https:\/\/www.correiodascidades.com.br\/v1\/wp-json\/wp\/v2\/media?parent=5104"}],"wp:term":[{"taxonomy":"category","embeddable":true,"href":"https:\/\/www.correiodascidades.com.br\/v1\/wp-json\/wp\/v2\/categories?post=5104"},{"taxonomy":"post_tag","embeddable":true,"href":"https:\/\/www.correiodascidades.com.br\/v1\/wp-json\/wp\/v2\/tags?post=5104"}],"curies":[{"name":"wp","href":"https:\/\/api.w.org\/{rel}","templated":true}]}}