{"id":5107,"date":"2023-05-30T11:54:46","date_gmt":"2023-05-30T14:54:46","guid":{"rendered":"https:\/\/www.correiodascidades.com.br\/v1\/?p=5107"},"modified":"2023-05-30T11:54:46","modified_gmt":"2023-05-30T14:54:46","slug":"caminhao-tomba-na-ladeira-de-pe-de-serra-em-maracas","status":"publish","type":"post","link":"https:\/\/www.correiodascidades.com.br\/v1\/2023\/05\/30\/caminhao-tomba-na-ladeira-de-pe-de-serra-em-maracas\/","title":{"rendered":"Caminh\u00e3o tomba na ladeira de P\u00e9 de Serra em Marac\u00e1s"},"content":{"rendered":"<p><img loading=\"lazy\" class=\"\" src=\"https:\/\/www.correiodascidades.com.br\/v1\/wp-content\/uploads\/2023\/05\/350088079_627116342414264_1307659183926718642_n-780x470.jpg-ESTA-MARACAS.jpeg\" width=\"623\" height=\"374\" \/><\/p>\n<p>Um grave acidente foi registrado pela Pol\u00edcia Rodovi\u00e1ria Estadual -PRE, na BA-026, na ladeira de P\u00e9 de Serra, em Marac\u00e1s, no Vale do Jiquiri\u00e7\u00e1. O condutor do ve\u00edculo est\u00e1 preso nas ferragens, mas consciente.<\/p>\n<p>O tombamento aconteceu na manh\u00e3 desta ter\u00e7a-feira (30). O\u00a0<a href=\"https:\/\/midiabahia.com.br\/carreta-tomba-na-ladeira-de-pe-de-serra-em-maracas\/\" data-type=\"post\" data-id=\"8787897\"><strong>local \u00e9 conhecido por diversas ocorr\u00eancias de capotamentos<\/strong><\/a>. Ainda n\u00e3o foi poss\u00edvel confirmar a identidade da v\u00edtima, nem origem e destino da carga.<\/p>\n<p>Segundo o Vandinho Maracas, equipes do SAMU \u2013 Servi\u00e7o de Atendimento M\u00f3vel de Urg\u00eancia e Corpo de Bombeiros foram acionadas para socorrer o condutor.<\/p>\n<div id=\"inline-related-post\" class=\"mag-box mini-posts-box content-only\">\n<div class=\"container-wrapper\">\n<div class=\"widget-title the-global-title\">\n<div class=\"the-subtitle\"><\/div>\n<\/div>\n<\/div>\n<\/div>\n","protected":false},"excerpt":{"rendered":"<p>Um grave acidente foi registrado pela Pol\u00edcia Rodovi\u00e1ria Estadual -PRE, na BA-026, na ladeira de P\u00e9 de Serra, em Marac\u00e1s, no Vale do Jiquiri\u00e7\u00e1. O condutor do ve\u00edculo est\u00e1 preso nas ferragens, mas consciente. O tombamento aconteceu na manh\u00e3 desta ter\u00e7a-feira (30). O\u00a0local \u00e9 conhecido por diversas ocorr\u00eancias de capotamentos. Ainda n\u00e3o foi poss\u00edvel confirmar [&hellip;]<\/p>\n","protected":false},"author":3,"featured_media":5108,"comment_status":"closed","ping_status":"closed","sticky":false,"template":"","format":"standard","meta":{"_links_to":"","_links_to_target":""},"categories":[11,2],"tags":[],"_links":{"self":[{"href":"https:\/\/www.correiodascidades.com.br\/v1\/wp-json\/wp\/v2\/posts\/5107"}],"collection":[{"href":"https:\/\/www.correiodascidades.com.br\/v1\/wp-json\/wp\/v2\/posts"}],"about":[{"href":"https:\/\/www.correiodascidades.com.br\/v1\/wp-json\/wp\/v2\/types\/post"}],"author":[{"embeddable":true,"href":"https:\/\/www.correiodascidades.com.br\/v1\/wp-json\/wp\/v2\/users\/3"}],"replies":[{"embeddable":true,"href":"https:\/\/www.correiodascidades.com.br\/v1\/wp-json\/wp\/v2\/comments?post=5107"}],"version-history":[{"count":1,"href":"https:\/\/www.correiodascidades.com.br\/v1\/wp-json\/wp\/v2\/posts\/5107\/revisions"}],"predecessor-version":[{"id":5109,"href":"https:\/\/www.correiodascidades.com.br\/v1\/wp-json\/wp\/v2\/posts\/5107\/revisions\/5109"}],"wp:featuredmedia":[{"embeddable":true,"href":"https:\/\/www.correiodascidades.com.br\/v1\/wp-json\/wp\/v2\/media\/5108"}],"wp:attachment":[{"href":"https:\/\/www.correiodascidades.com.br\/v1\/wp-json\/wp\/v2\/media?parent=5107"}],"wp:term":[{"taxonomy":"category","embeddable":true,"href":"https:\/\/www.correiodascidades.com.br\/v1\/wp-json\/wp\/v2\/categories?post=5107"},{"taxonomy":"post_tag","embeddable":true,"href":"https:\/\/www.correiodascidades.com.br\/v1\/wp-json\/wp\/v2\/tags?post=5107"}],"curies":[{"name":"wp","href":"https:\/\/api.w.org\/{rel}","templated":true}]}}