{"id":5112,"date":"2023-05-30T23:09:52","date_gmt":"2023-05-31T02:09:52","guid":{"rendered":"https:\/\/www.correiodascidades.com.br\/v1\/?p=5112"},"modified":"2023-05-30T23:09:52","modified_gmt":"2023-05-31T02:09:52","slug":"estrada-do-santo-antonio-ilheus-ja-tem-resposta-do-mpf","status":"publish","type":"post","link":"https:\/\/www.correiodascidades.com.br\/v1\/2023\/05\/30\/estrada-do-santo-antonio-ilheus-ja-tem-resposta-do-mpf\/","title":{"rendered":"Estrada do Santo Antonio Ilh\u00e9us ja tem resposta do MPF"},"content":{"rendered":"<p><img loading=\"lazy\" class=\"\" src=\"https:\/\/www.correiodascidades.com.br\/v1\/wp-content\/uploads\/2023\/05\/a1b660fb-7a84-4e48-94f2-07da40405b8c-300x300.jpg\" width=\"498\" height=\"498\" \/><\/p>\n<p>Procuradoria geral da Rep\u00fablica em Bras\u00edlia, solicitou em grau de recursos provid\u00eancias no julgamento da a\u00e7\u00e3o civil p\u00fablica pje trf1 2\u00ba grau, referente a situa\u00e7\u00e3o desumana vivida na BR-251 ilh\u00e9us-Buerarema..segui documentos..29\/05\/2023..despacho do MPF<\/p>\n","protected":false},"excerpt":{"rendered":"<p>Procuradoria geral da Rep\u00fablica em Bras\u00edlia, solicitou em grau de recursos provid\u00eancias no julgamento da a\u00e7\u00e3o civil p\u00fablica pje trf1 2\u00ba grau, referente a situa\u00e7\u00e3o desumana vivida na BR-251 ilh\u00e9us-Buerarema..segui documentos..29\/05\/2023..despacho do MPF<\/p>\n","protected":false},"author":3,"featured_media":5113,"comment_status":"closed","ping_status":"closed","sticky":false,"template":"","format":"standard","meta":{"_links_to":"","_links_to_target":""},"categories":[11,2],"tags":[],"_links":{"self":[{"href":"https:\/\/www.correiodascidades.com.br\/v1\/wp-json\/wp\/v2\/posts\/5112"}],"collection":[{"href":"https:\/\/www.correiodascidades.com.br\/v1\/wp-json\/wp\/v2\/posts"}],"about":[{"href":"https:\/\/www.correiodascidades.com.br\/v1\/wp-json\/wp\/v2\/types\/post"}],"author":[{"embeddable":true,"href":"https:\/\/www.correiodascidades.com.br\/v1\/wp-json\/wp\/v2\/users\/3"}],"replies":[{"embeddable":true,"href":"https:\/\/www.correiodascidades.com.br\/v1\/wp-json\/wp\/v2\/comments?post=5112"}],"version-history":[{"count":1,"href":"https:\/\/www.correiodascidades.com.br\/v1\/wp-json\/wp\/v2\/posts\/5112\/revisions"}],"predecessor-version":[{"id":5114,"href":"https:\/\/www.correiodascidades.com.br\/v1\/wp-json\/wp\/v2\/posts\/5112\/revisions\/5114"}],"wp:featuredmedia":[{"embeddable":true,"href":"https:\/\/www.correiodascidades.com.br\/v1\/wp-json\/wp\/v2\/media\/5113"}],"wp:attachment":[{"href":"https:\/\/www.correiodascidades.com.br\/v1\/wp-json\/wp\/v2\/media?parent=5112"}],"wp:term":[{"taxonomy":"category","embeddable":true,"href":"https:\/\/www.correiodascidades.com.br\/v1\/wp-json\/wp\/v2\/categories?post=5112"},{"taxonomy":"post_tag","embeddable":true,"href":"https:\/\/www.correiodascidades.com.br\/v1\/wp-json\/wp\/v2\/tags?post=5112"}],"curies":[{"name":"wp","href":"https:\/\/api.w.org\/{rel}","templated":true}]}}