{"id":5122,"date":"2023-05-31T09:26:50","date_gmt":"2023-05-31T12:26:50","guid":{"rendered":"https:\/\/www.correiodascidades.com.br\/v1\/?p=5122"},"modified":"2023-05-31T09:26:50","modified_gmt":"2023-05-31T12:26:50","slug":"vereador-augustao-denuncia-sucateamento-do-samu-de-ilheus","status":"publish","type":"post","link":"https:\/\/www.correiodascidades.com.br\/v1\/2023\/05\/31\/vereador-augustao-denuncia-sucateamento-do-samu-de-ilheus\/","title":{"rendered":"Vereador August\u00e3o denuncia sucateamento do SAMU de Ilh\u00e9us"},"content":{"rendered":"<p><img loading=\"lazy\" class=\"\" src=\"https:\/\/www.correiodascidades.com.br\/v1\/wp-content\/uploads\/2023\/05\/61e4f56e-8882-40ae-9292-ca2dfea0aecf.jpg\" width=\"495\" height=\"279\" \/><\/p>\n<p>Criado para garantir o acesso de pacientes \u00e0s unidades de sa\u00fade mais adequadas e proporcionar o melhor atendimento pr\u00e9-hospitalar aos cidad\u00e3os, o Servi\u00e7o de Atendimento M\u00f3vel de Urg\u00eancia (SAMU) de Ilh\u00e9us atualmente est\u00e1 sucateado, com problemas que v\u00e3o desde a falta de ambul\u00e2ncias para atender a popula\u00e7\u00e3o, desaparecimento de ve\u00edculos e at\u00e9 mesmo a aus\u00eancia de materiais b\u00e1sicos para prestar os servi\u00e7os de emerg\u00eancia para a comunidade.<\/p>\n<p>A den\u00fancia est\u00e1 sendo feita pelo vereador August\u00e3o, que visitou mais uma vez o SAMU de Ilh\u00e9us e constatou verdadeiros absurdos em uma unidade que deveria ser refer\u00eancia no atendimento na \u00e1rea de sa\u00fade. Na visita, o vereador foi informado que, das cerca de 18 ambul\u00e2ncias do SAMU que deveriam estar \u00e0 servi\u00e7o, somente tr\u00eas est\u00e3o funcionando, sendo uma avan\u00e7ada e duas b\u00e1sicas, que n\u00e3o possuem dentro delas nenhum equipamento para o atendimento.<\/p>\n<p>O restante das ambul\u00e2ncias est\u00e1 sucateado em dep\u00f3sitos da Prefeitura ou im\u00f3veis alugados, sendo que, conforme informa\u00e7\u00e3o dos servidores, somente cinco possuem condi\u00e7\u00f5es de fato de serem recuperadas, mas que est\u00e3o jogadas nos p\u00e1tios, sob a a\u00e7\u00e3o do tempo. A unidade tamb\u00e9m n\u00e3o possui materiais b\u00e1sicos como len\u00e7\u00f3is descart\u00e1veis e at\u00e9 mesmo a lavagem dos ve\u00edculos \u00e9 feita pelos profissionais do atendimento. Tudo isso sem contar que a alimenta\u00e7\u00e3o do SAMU de Ilh\u00e9us \u00e9 de p\u00e9ssima qualidade, muitas vezes estragada e a empresa que fornece essas quentinhas \u00e9 do estado do Cear\u00e1. Tamb\u00e9m n\u00e3o tem lanche e nem alimenta\u00e7\u00e3o no per\u00edodo da noite.<\/p>\n<p>Mas os problemas n\u00e3o param por a\u00ed. De acordo com o vereador August\u00e3o, os trabalhadores do SAMU de Ilh\u00e9us n\u00e3o recebem fardamento desde 2021, as instala\u00e7\u00f5es n\u00e3o possuem colch\u00f5es e nem mesmo g\u00e1s de cozinha. O \u00fanico fog\u00e3o existente foi fruto de uma doa\u00e7\u00e3o. Diante de tantos absurdos e problemas, August\u00e3o protocolou um requerimento na C\u00e2mara de Vereadores convocando o secret\u00e1rio municipal de Sa\u00fade, Andr\u00e9 Cez\u00e1rio, e a dire\u00e7\u00e3o do SAMU para que informem \u00e0 comunidade ilheense o destino das ambul\u00e2ncias que existiam na cidade e tome as devidas provid\u00eancias para que a unidade possa voltar a prestar um servi\u00e7o de qualidade para a popula\u00e7\u00e3o.<\/p>\n","protected":false},"excerpt":{"rendered":"<p>Criado para garantir o acesso de pacientes \u00e0s unidades de sa\u00fade mais adequadas e proporcionar o melhor atendimento pr\u00e9-hospitalar aos cidad\u00e3os, o Servi\u00e7o de Atendimento M\u00f3vel de Urg\u00eancia (SAMU) de Ilh\u00e9us atualmente est\u00e1 sucateado, com problemas que v\u00e3o desde a falta de ambul\u00e2ncias para atender a popula\u00e7\u00e3o, desaparecimento de ve\u00edculos e at\u00e9 mesmo a aus\u00eancia [&hellip;]<\/p>\n","protected":false},"author":3,"featured_media":5123,"comment_status":"closed","ping_status":"closed","sticky":false,"template":"","format":"standard","meta":{"_links_to":"","_links_to_target":""},"categories":[11,2],"tags":[],"_links":{"self":[{"href":"https:\/\/www.correiodascidades.com.br\/v1\/wp-json\/wp\/v2\/posts\/5122"}],"collection":[{"href":"https:\/\/www.correiodascidades.com.br\/v1\/wp-json\/wp\/v2\/posts"}],"about":[{"href":"https:\/\/www.correiodascidades.com.br\/v1\/wp-json\/wp\/v2\/types\/post"}],"author":[{"embeddable":true,"href":"https:\/\/www.correiodascidades.com.br\/v1\/wp-json\/wp\/v2\/users\/3"}],"replies":[{"embeddable":true,"href":"https:\/\/www.correiodascidades.com.br\/v1\/wp-json\/wp\/v2\/comments?post=5122"}],"version-history":[{"count":1,"href":"https:\/\/www.correiodascidades.com.br\/v1\/wp-json\/wp\/v2\/posts\/5122\/revisions"}],"predecessor-version":[{"id":5124,"href":"https:\/\/www.correiodascidades.com.br\/v1\/wp-json\/wp\/v2\/posts\/5122\/revisions\/5124"}],"wp:featuredmedia":[{"embeddable":true,"href":"https:\/\/www.correiodascidades.com.br\/v1\/wp-json\/wp\/v2\/media\/5123"}],"wp:attachment":[{"href":"https:\/\/www.correiodascidades.com.br\/v1\/wp-json\/wp\/v2\/media?parent=5122"}],"wp:term":[{"taxonomy":"category","embeddable":true,"href":"https:\/\/www.correiodascidades.com.br\/v1\/wp-json\/wp\/v2\/categories?post=5122"},{"taxonomy":"post_tag","embeddable":true,"href":"https:\/\/www.correiodascidades.com.br\/v1\/wp-json\/wp\/v2\/tags?post=5122"}],"curies":[{"name":"wp","href":"https:\/\/api.w.org\/{rel}","templated":true}]}}