{"id":5126,"date":"2023-05-31T11:30:09","date_gmt":"2023-05-31T14:30:09","guid":{"rendered":"https:\/\/www.correiodascidades.com.br\/v1\/?p=5126"},"modified":"2023-05-31T11:30:09","modified_gmt":"2023-05-31T14:30:09","slug":"hrcc-nota-de-esclarecimento","status":"publish","type":"post","link":"https:\/\/www.correiodascidades.com.br\/v1\/2023\/05\/31\/hrcc-nota-de-esclarecimento\/","title":{"rendered":"HRCC: NOTA DE ESCLARECIMENTO"},"content":{"rendered":"<p>&nbsp;<\/p>\n<p>A Gest\u00e3o do Hospital Regional Costa do Cacau repudia qualquer forma de manifesta\u00e7\u00e3o de ass\u00e9dio moral.<\/p>\n<p>A fim de evitar ocorr\u00eancias da natureza do relato, h\u00e1 implementado no Hospital Regional Costa do Cacau Programa de Combate ao Ass\u00e9dio Moral, com a realiza\u00e7\u00e3o peri\u00f3dica de orienta\u00e7\u00f5es de todos os colaboradores sobre a pr\u00e1tica.<\/p>\n<p>Al\u00e9m da disponibiliza\u00e7\u00e3o de Canal de Den\u00fancias, seguro e ativo, dispon\u00edvel a todos os profissionais, com a finalidade de que eventuais casos sejam devidamente apurados e resolvidos.<\/p>\n<p>Ilh\u00e9us, 30 de maio de 2023<\/p>\n<p>Dire\u00e7\u00e3o Hospital Regional Costa do Cacau<\/p>\n","protected":false},"excerpt":{"rendered":"<p>&nbsp; A Gest\u00e3o do Hospital Regional Costa do Cacau repudia qualquer forma de manifesta\u00e7\u00e3o de ass\u00e9dio moral. A fim de evitar ocorr\u00eancias da natureza do relato, h\u00e1 implementado no Hospital Regional Costa do Cacau Programa de Combate ao Ass\u00e9dio Moral, com a realiza\u00e7\u00e3o peri\u00f3dica de orienta\u00e7\u00f5es de todos os colaboradores sobre a pr\u00e1tica. Al\u00e9m da [&hellip;]<\/p>\n","protected":false},"author":3,"featured_media":5120,"comment_status":"closed","ping_status":"closed","sticky":false,"template":"","format":"standard","meta":{"_links_to":"","_links_to_target":""},"categories":[9,1],"tags":[],"_links":{"self":[{"href":"https:\/\/www.correiodascidades.com.br\/v1\/wp-json\/wp\/v2\/posts\/5126"}],"collection":[{"href":"https:\/\/www.correiodascidades.com.br\/v1\/wp-json\/wp\/v2\/posts"}],"about":[{"href":"https:\/\/www.correiodascidades.com.br\/v1\/wp-json\/wp\/v2\/types\/post"}],"author":[{"embeddable":true,"href":"https:\/\/www.correiodascidades.com.br\/v1\/wp-json\/wp\/v2\/users\/3"}],"replies":[{"embeddable":true,"href":"https:\/\/www.correiodascidades.com.br\/v1\/wp-json\/wp\/v2\/comments?post=5126"}],"version-history":[{"count":2,"href":"https:\/\/www.correiodascidades.com.br\/v1\/wp-json\/wp\/v2\/posts\/5126\/revisions"}],"predecessor-version":[{"id":5128,"href":"https:\/\/www.correiodascidades.com.br\/v1\/wp-json\/wp\/v2\/posts\/5126\/revisions\/5128"}],"wp:featuredmedia":[{"embeddable":true,"href":"https:\/\/www.correiodascidades.com.br\/v1\/wp-json\/wp\/v2\/media\/5120"}],"wp:attachment":[{"href":"https:\/\/www.correiodascidades.com.br\/v1\/wp-json\/wp\/v2\/media?parent=5126"}],"wp:term":[{"taxonomy":"category","embeddable":true,"href":"https:\/\/www.correiodascidades.com.br\/v1\/wp-json\/wp\/v2\/categories?post=5126"},{"taxonomy":"post_tag","embeddable":true,"href":"https:\/\/www.correiodascidades.com.br\/v1\/wp-json\/wp\/v2\/tags?post=5126"}],"curies":[{"name":"wp","href":"https:\/\/api.w.org\/{rel}","templated":true}]}}